{"id":7374,"date":"2025-02-09T00:24:00","date_gmt":"2025-02-08T23:24:00","guid":{"rendered":"https:\/\/la-redactrice-web.fr\/blog\/?p=7374"},"modified":"2025-02-07T23:31:11","modified_gmt":"2025-02-07T22:31:11","slug":"redactrice-de-mode-un-metier-au-coeur-de-la-creativite-et-de-linfluence","status":"publish","type":"post","link":"https:\/\/la-redactrice-web.fr\/blog\/a-la-une\/redactrice-de-mode-un-metier-au-coeur-de-la-creativite-et-de-linfluence\/","title":{"rendered":"R\u00e9dactrice de mode : un m\u00e9tier au c\u0153ur de la cr\u00e9ativit\u00e9 et de l&rsquo;influence"},"content":{"rendered":"<h2>Introduction<\/h2>\n<p>Comment ces professionnelles parviennent-elles \u00e0 capturer l&rsquo;essence de la mode tout en influen\u00e7ant les tendances ? Cet article explore les multiples facettes de ce m\u00e9tier fascinant, tout en r\u00e9v\u00e9lant les comp\u00e9tences et les d\u00e9fis auxquels les r\u00e9dactrices de mode font face au quotidien.<\/p>\n<h2>D\u00e9finition et r\u00f4le de la r\u00e9dactrice de mode<\/h2>\n<p>Une r\u00e9dactrice de mode est bien plus qu&rsquo;une simple \u00e9crivaine. Elle se positionne comme une experte capable d&rsquo;analyser et de d\u00e9cortiquer les tendances vestimentaires, tout en les mettant en perspective au sein de l&rsquo;industrie de la mode. Son r\u00f4le se d\u00e9cline en plusieurs missions :<\/p>\n<ul>\n<li>R\u00e9daction d&rsquo;articles et de critiques sur les d\u00e9fil\u00e9s de mode.<\/li>\n<li>Cr\u00e9ation de contenu pour des magazines, blogs ou r\u00e9seaux sociaux.<\/li>\n<li>Interview de designers et de cr\u00e9ateurs influents.<\/li>\n<\/ul>\n<p>Chaque mot qu&rsquo;elle choisit porte un poids, car il contribue \u00e0 fa\u00e7onner l&rsquo;image de la mode et \u00e0 orienter les choix des consommateurs. En somme, la r\u00e9dactrice de mode devient une voix incontournable dans un secteur en constante \u00e9volution.<\/p>\n<h2>Comp\u00e9tences indispensables pour r\u00e9ussir<\/h2>\n<p>Pour exceller dans ce domaine, plusieurs comp\u00e9tences sont requises. En voici quelques-unes :<img decoding=\"async\" width=\"1024\" height=\"576\" src=\"https:\/\/la-redactrice-web.fr\/blog\/wp-content\/uploads\/2025\/02\/stability-redactrice-de-mode-un-metier-au-coeur-de-la-creativite-et-de-linfluence-1.png\" class=\"aligncenter\" alt=\"Illustration d\u00e9taill\u00e9e sur R\u00e9dactrice de mode : un m\u00e9tier au c\u0153ur de la cr\u00e9ativit\u00e9 et de l&#039;influence\" title=\"R\u00e9dactrice de mode : un m\u00e9tier au c\u0153ur de la cr\u00e9ativit\u00e9 et de l&#039;influence\" loading=\"lazy\" \/><\/p>\n<ul>\n<li><strong>Connaissance approfondie de l&rsquo;industrie :<\/strong> Une r\u00e9dactrice de mode doit se tenir inform\u00e9e des derni\u00e8res tendances, des cr\u00e9ateurs \u00e9mergents et des mouvements culturels qui influencent la mode.<\/li>\n<li><strong>Cr\u00e9ativit\u00e9 :<\/strong> Elle doit poss\u00e9der une capacit\u00e9 \u00e0 innover et \u00e0 proposer des perspectives uniques sur les v\u00eatements et les styles.<\/li>\n<li><strong>Comp\u00e9tences en communication :<\/strong> La capacit\u00e9 \u00e0 transmettre des id\u00e9es de mani\u00e8re claire et engageante est essentielle, que ce soit \u00e0 travers des articles \u00e9crits ou des pr\u00e9sentations publiques.<\/li>\n<\/ul>\n<p>En cultivant ces comp\u00e9tences, la r\u00e9dactrice de mode peut non seulement informer mais aussi inspirer son audience.<\/p>\n<h2>Les d\u00e9fis du m\u00e9tier<\/h2>\n<p>Le m\u00e9tier de r\u00e9dactrice de mode n&rsquo;est pas exempt de d\u00e9fis. Parmi eux, on peut citer :<\/p>\n<ul>\n<li><strong>La pression des d\u00e9lais :<\/strong> Les r\u00e9dactrices doivent souvent produire du contenu sous pression, notamment lors des Fashion Weeks o\u00f9 l&rsquo;actualit\u00e9 se succ\u00e8de \u00e0 un rythme effr\u00e9n\u00e9.<\/li>\n<li><strong>La concurrence accrue :<\/strong> Avec l&rsquo;essor des blogs et des influenceurs, se d\u00e9marquer devient essentiel. Les r\u00e9dactrices doivent constamment innover pour captiver leur audience.<\/li>\n<li><strong>Les attentes des lecteurs :<\/strong> Les tendances \u00e9voluent rapidement, et le public attend des analyses pertinentes et fra\u00eeches.<\/li>\n<\/ul>\n<p>Ces d\u00e9fis renforcent l&rsquo;importance de la r\u00e9silience et de l&rsquo;adaptabilit\u00e9 dans ce m\u00e9tier passionnant.<\/p>\n<h2>Tableau r\u00e9capitulatif des missions et comp\u00e9tences<\/h2>\n<table>\n<tr>\n<th>Mission<\/th>\n<th>Comp\u00e9tence<\/th>\n<th>Impact<\/th>\n<\/tr>\n<tr>\n<td>R\u00e9daction d&rsquo;articles<\/td>\n<td>Cr\u00e9ativit\u00e9<\/td>\n<td>Captiver l&rsquo;audience<\/td>\n<\/tr>\n<tr>\n<td>Analyse des tendances<\/td>\n<td>Connaissance de l&rsquo;industrie<\/td>\n<td>Informer et orienter<\/td>\n<\/tr>\n<tr>\n<td>Interviews de cr\u00e9ateurs<\/td>\n<td>Comp\u00e9tences en communication<\/td>\n<td>\u00c9tablir des connexions<\/td>\n<\/tr>\n<\/table>\n<h2>FAQ :<\/h2>\n<blockquote>\n<ul>\n<li><strong>Quelles \u00e9tudes faut-il suivre pour devenir r\u00e9dactrice de mode ?<\/strong>Des \u00e9tudes en journalisme, communication ou mode sont souvent recommand\u00e9es.<\/li>\n<li><strong>Quel est le salaire d&rsquo;une r\u00e9dactrice de mode ?<\/strong>Le salaire varie selon l&rsquo;exp\u00e9rience et le type d&#8217;employeur, allant de 25 000 \u00e0 60 000 euros par an.<\/li>\n<li><strong>Comment se faire conna\u00eetre dans le milieu de la mode ?<\/strong>Cr\u00e9er un blog, utiliser les r\u00e9seaux sociaux et participer \u00e0 des \u00e9v\u00e9nements de mode peuvent aider \u00e0 se faire un nom.<\/li>\n<li><strong>Quels sont les outils essentiels pour une r\u00e9dactrice de mode ?<\/strong>Un bon ordinateur, des logiciels de traitement de texte, ainsi qu&rsquo;un acc\u00e8s aux plateformes de mode et de tendances sont cruciaux.<\/li>\n<\/ul>\n<\/blockquote>\n<h2>Conclusion<\/h2>\n<p>Le m\u00e9tier de r\u00e9dactrice de mode repr\u00e9sente un univers \u00e0 la fois passionnant et exigeant. En combinant cr\u00e9ativit\u00e9, expertise et d\u00e9termination, ces professionnelles parviennent \u00e0 influencer les tendances et \u00e0 fa\u00e7onner le paysage de la mode. Si vous aspirez \u00e0 rejoindre leurs rangs, pr\u00e9parez-vous \u00e0 vivre une aventure enrichissante, pleine de d\u00e9fis et d&rsquo;opportunit\u00e9s.<\/p>\n","protected":false},"excerpt":{"rendered":"","protected":false},"author":34,"featured_media":7375,"comment_status":"open","ping_status":"open","sticky":false,"template":"","format":"standard","meta":{"_acf_changed":false,"manual_indexmenow":false,"indexmenow_id_project":0,"footnotes":""},"categories":[1],"tags":[4527,2608,4581,4580,4545,4579],"class_list":["post-7374","post","type-post","status-publish","format-standard","has-post-thumbnail","hentry","category-a-la-une","tag-competences","tag-creativite","tag-defis","tag-industrie","tag-redactrice-de-mode","tag-tendances","generate-columns","tablet-grid-50","mobile-grid-100","grid-parent","grid-25"],"acf":[],"yoast_head":"<!-- This site is optimized with the Yoast SEO Premium plugin v21.3 (Yoast SEO v25.6) - https:\/\/yoast.com\/wordpress\/plugins\/seo\/ -->\n<title>R\u00e9dactrice de mode : un m\u00e9tier au c\u0153ur de la cr\u00e9ativit\u00e9<\/title>\n<meta name=\"description\" content=\"Comment ces professionnelles parviennent-elles \u00e0 capturer l&#039;essence de la mode tout en influen\u00e7ant les tendances ? Cet article explore les multiples\" \/>\n<meta name=\"robots\" content=\"index, follow, max-snippet:-1, max-image-preview:large, max-video-preview:-1\" \/>\n<link rel=\"canonical\" href=\"https:\/\/la-redactrice-web.fr\/blog\/a-la-une\/redactrice-de-mode-un-metier-au-coeur-de-la-creativite-et-de-linfluence\/\" \/>\n<meta property=\"og:locale\" content=\"fr_FR\" \/>\n<meta property=\"og:type\" content=\"article\" \/>\n<meta property=\"og:title\" content=\"R\u00e9dactrice de mode : un m\u00e9tier au c\u0153ur de la cr\u00e9ativit\u00e9\" \/>\n<meta property=\"og:description\" content=\"Comment ces professionnelles parviennent-elles \u00e0 capturer l&#039;essence de la mode tout en influen\u00e7ant les tendances ? Cet article explore les multiples\" \/>\n<meta property=\"og:url\" content=\"https:\/\/la-redactrice-web.fr\/blog\/a-la-une\/redactrice-de-mode-un-metier-au-coeur-de-la-creativite-et-de-linfluence\/\" \/>\n<meta property=\"og:site_name\" content=\"la-redactrice-web\" \/>\n<meta property=\"og:image\" content=\"https:\/\/la-redactrice-web.fr\/blog\/wp-content\/uploads\/2025\/02\/stability-redactrice-de-mode-un-metier-au-coeur-de-la-creativite-et-de-linfluence.png\" \/>\n\t<meta property=\"og:image:width\" content=\"1024\" \/>\n\t<meta property=\"og:image:height\" content=\"576\" \/>\n\t<meta property=\"og:image:type\" content=\"image\/png\" \/>\n<meta name=\"author\" content=\"Th\u00e9o Rouvier\" \/>\n<meta name=\"twitter:card\" content=\"summary_large_image\" \/>\n<script type=\"application\/ld+json\" class=\"yoast-schema-graph\">{\"@context\":\"https:\/\/schema.org\",\"@graph\":[{\"@type\":\"NewsArticle\",\"@id\":\"https:\/\/la-redactrice-web.fr\/blog\/a-la-une\/redactrice-de-mode-un-metier-au-coeur-de-la-creativite-et-de-linfluence\/#article\",\"isPartOf\":{\"@id\":\"https:\/\/la-redactrice-web.fr\/blog\/a-la-une\/redactrice-de-mode-un-metier-au-coeur-de-la-creativite-et-de-linfluence\/\"},\"author\":{\"name\":\"Th\u00e9o Rouvier\",\"@id\":\"https:\/\/la-redactrice-web.fr\/blog\/#\/schema\/person\/3c864cdc320801e3db34b663e7e3f816\"},\"headline\":\"R\u00e9dactrice de mode : un m\u00e9tier au c\u0153ur de la cr\u00e9ativit\u00e9 et de l&rsquo;influence\",\"datePublished\":\"2025-02-08T23:24:00+00:00\",\"mainEntityOfPage\":{\"@id\":\"https:\/\/la-redactrice-web.fr\/blog\/a-la-une\/redactrice-de-mode-un-metier-au-coeur-de-la-creativite-et-de-linfluence\/\"},\"wordCount\":662,\"commentCount\":25,\"publisher\":{\"@id\":\"https:\/\/la-redactrice-web.fr\/blog\/#organization\"},\"image\":{\"@id\":\"https:\/\/la-redactrice-web.fr\/blog\/a-la-une\/redactrice-de-mode-un-metier-au-coeur-de-la-creativite-et-de-linfluence\/#primaryimage\"},\"thumbnailUrl\":\"https:\/\/la-redactrice-web.fr\/blog\/wp-content\/uploads\/2025\/02\/stability-redactrice-de-mode-un-metier-au-coeur-de-la-creativite-et-de-linfluence.png\",\"keywords\":[\"Comp\u00e9tences\",\"Creativit\u00e9\",\"D\u00e9fis\",\"Industrie\",\"R\u00e9dactrice de Mode\",\"Tendances\"],\"articleSection\":[\"\u00c0 la une\"],\"inLanguage\":\"fr-FR\",\"potentialAction\":[{\"@type\":\"CommentAction\",\"name\":\"Comment\",\"target\":[\"https:\/\/la-redactrice-web.fr\/blog\/a-la-une\/redactrice-de-mode-un-metier-au-coeur-de-la-creativite-et-de-linfluence\/#respond\"]}]},{\"@type\":\"WebPage\",\"@id\":\"https:\/\/la-redactrice-web.fr\/blog\/a-la-une\/redactrice-de-mode-un-metier-au-coeur-de-la-creativite-et-de-linfluence\/\",\"url\":\"https:\/\/la-redactrice-web.fr\/blog\/a-la-une\/redactrice-de-mode-un-metier-au-coeur-de-la-creativite-et-de-linfluence\/\",\"name\":\"R\u00e9dactrice de mode : un m\u00e9tier au c\u0153ur de la cr\u00e9ativit\u00e9\",\"isPartOf\":{\"@id\":\"https:\/\/la-redactrice-web.fr\/blog\/#website\"},\"primaryImageOfPage\":{\"@id\":\"https:\/\/la-redactrice-web.fr\/blog\/a-la-une\/redactrice-de-mode-un-metier-au-coeur-de-la-creativite-et-de-linfluence\/#primaryimage\"},\"image\":{\"@id\":\"https:\/\/la-redactrice-web.fr\/blog\/a-la-une\/redactrice-de-mode-un-metier-au-coeur-de-la-creativite-et-de-linfluence\/#primaryimage\"},\"thumbnailUrl\":\"https:\/\/la-redactrice-web.fr\/blog\/wp-content\/uploads\/2025\/02\/stability-redactrice-de-mode-un-metier-au-coeur-de-la-creativite-et-de-linfluence.png\",\"datePublished\":\"2025-02-08T23:24:00+00:00\",\"description\":\"Comment ces professionnelles parviennent-elles \u00e0 capturer l'essence de la mode tout en influen\u00e7ant les tendances ? Cet article explore les multiples\",\"inLanguage\":\"fr-FR\",\"potentialAction\":[{\"@type\":\"ReadAction\",\"target\":[\"https:\/\/la-redactrice-web.fr\/blog\/a-la-une\/redactrice-de-mode-un-metier-au-coeur-de-la-creativite-et-de-linfluence\/\"]}]},{\"@type\":\"ImageObject\",\"inLanguage\":\"fr-FR\",\"@id\":\"https:\/\/la-redactrice-web.fr\/blog\/a-la-une\/redactrice-de-mode-un-metier-au-coeur-de-la-creativite-et-de-linfluence\/#primaryimage\",\"url\":\"https:\/\/la-redactrice-web.fr\/blog\/wp-content\/uploads\/2025\/02\/stability-redactrice-de-mode-un-metier-au-coeur-de-la-creativite-et-de-linfluence.png\",\"contentUrl\":\"https:\/\/la-redactrice-web.fr\/blog\/wp-content\/uploads\/2025\/02\/stability-redactrice-de-mode-un-metier-au-coeur-de-la-creativite-et-de-linfluence.png\",\"width\":1024,\"height\":576},{\"@type\":\"WebSite\",\"@id\":\"https:\/\/la-redactrice-web.fr\/blog\/#website\",\"url\":\"https:\/\/la-redactrice-web.fr\/blog\/\",\"name\":\"La R\u00e9dactrice Web\",\"description\":\"La R\u00e9dactrice Web, vos mots qui r\u00e9sonnent\",\"publisher\":{\"@id\":\"https:\/\/la-redactrice-web.fr\/blog\/#organization\"},\"alternateName\":\"La R\u00e9dactrice Web, vos mots qui r\u00e9sonnent\",\"potentialAction\":[{\"@type\":\"SearchAction\",\"target\":{\"@type\":\"EntryPoint\",\"urlTemplate\":\"https:\/\/la-redactrice-web.fr\/blog\/?s={search_term_string}\"},\"query-input\":{\"@type\":\"PropertyValueSpecification\",\"valueRequired\":true,\"valueName\":\"search_term_string\"}}],\"inLanguage\":\"fr-FR\"},{\"@type\":\"Organization\",\"@id\":\"https:\/\/la-redactrice-web.fr\/blog\/#organization\",\"name\":\"La R\u00e9dactrice Web\",\"alternateName\":\"La R\u00e9dactrice Web\",\"url\":\"https:\/\/la-redactrice-web.fr\/blog\/\",\"logo\":{\"@type\":\"ImageObject\",\"inLanguage\":\"fr-FR\",\"@id\":\"https:\/\/la-redactrice-web.fr\/blog\/#\/schema\/logo\/image\/\",\"url\":\"https:\/\/la-redactrice-web.fr\/blog\/wp-content\/uploads\/2024\/12\/31.png\",\"contentUrl\":\"https:\/\/la-redactrice-web.fr\/blog\/wp-content\/uploads\/2024\/12\/31.png\",\"width\":500,\"height\":500,\"caption\":\"La R\u00e9dactrice Web\"},\"image\":{\"@id\":\"https:\/\/la-redactrice-web.fr\/blog\/#\/schema\/logo\/image\/\"}},{\"@type\":\"Person\",\"@id\":\"https:\/\/la-redactrice-web.fr\/blog\/#\/schema\/person\/3c864cdc320801e3db34b663e7e3f816\",\"name\":\"Th\u00e9o Rouvier\",\"image\":{\"@type\":\"ImageObject\",\"inLanguage\":\"fr-FR\",\"@id\":\"https:\/\/la-redactrice-web.fr\/blog\/#\/schema\/person\/image\/\",\"url\":\"https:\/\/la-redactrice-web.fr\/blog\/wp-content\/uploads\/2026\/06\/persona_theo-r-96x96.jpg\",\"contentUrl\":\"https:\/\/la-redactrice-web.fr\/blog\/wp-content\/uploads\/2026\/06\/persona_theo-r-96x96.jpg\",\"caption\":\"Th\u00e9o Rouvier\"},\"description\":\"Le web et la communication sont mon m\u00e9tier depuis une dizaine d'ann\u00e9es, entre r\u00e9daction, strat\u00e9gie de contenu et accompagnement de projets en ligne. J'\u00e9cris sur la cr\u00e9ation de site, le marketing digital, l'image de marque et le m\u00e9tier de r\u00e9dacteur web, avec l'envie de rendre ces sujets concrets pour les ind\u00e9pendants et les petites entreprises. J'aime expliquer comment se construit une pr\u00e9sence en ligne cr\u00e9dible, du choix des mots \u00e0 la coh\u00e9rence visuelle, sans recourir au jargon d'agence. Avant de recommander une m\u00e9thode ou un outil, je l'\u00e9prouve sur le terrain et je distingue ce qui marche vraiment des promesses \u00e0 la mode. Je me m\u00e9fie des recettes miracles en marketing, car aucune ne dispense de travail et de r\u00e9gularit\u00e9. Mon angle : donner des rep\u00e8res solides pour communiquer juste et b\u00e2tir une marque qui dure, \u00e0 hauteur de budgets r\u00e9els et d'\u00e9quipes r\u00e9duites.\",\"sameAs\":[\"https:\/\/theorouvier.fr\/\"],\"url\":\"https:\/\/la-redactrice-web.fr\/blog\/auteur\/noname\/\"}]}<\/script>\n<!-- \/ Yoast SEO Premium plugin. -->","yoast_head_json":{"title":"R\u00e9dactrice de mode : un m\u00e9tier au c\u0153ur de la cr\u00e9ativit\u00e9","description":"Comment ces professionnelles parviennent-elles \u00e0 capturer l'essence de la mode tout en influen\u00e7ant les tendances ? Cet article explore les multiples","robots":{"index":"index","follow":"follow","max-snippet":"max-snippet:-1","max-image-preview":"max-image-preview:large","max-video-preview":"max-video-preview:-1"},"canonical":"https:\/\/la-redactrice-web.fr\/blog\/a-la-une\/redactrice-de-mode-un-metier-au-coeur-de-la-creativite-et-de-linfluence\/","og_locale":"fr_FR","og_type":"article","og_title":"R\u00e9dactrice de mode : un m\u00e9tier au c\u0153ur de la cr\u00e9ativit\u00e9","og_description":"Comment ces professionnelles parviennent-elles \u00e0 capturer l'essence de la mode tout en influen\u00e7ant les tendances ? Cet article explore les multiples","og_url":"https:\/\/la-redactrice-web.fr\/blog\/a-la-une\/redactrice-de-mode-un-metier-au-coeur-de-la-creativite-et-de-linfluence\/","og_site_name":"la-redactrice-web","og_image":[{"width":1024,"height":576,"url":"https:\/\/la-redactrice-web.fr\/blog\/wp-content\/uploads\/2025\/02\/stability-redactrice-de-mode-un-metier-au-coeur-de-la-creativite-et-de-linfluence.png","type":"image\/png"}],"author":"Th\u00e9o Rouvier","twitter_card":"summary_large_image","schema":{"@context":"https:\/\/schema.org","@graph":[{"@type":"NewsArticle","@id":"https:\/\/la-redactrice-web.fr\/blog\/a-la-une\/redactrice-de-mode-un-metier-au-coeur-de-la-creativite-et-de-linfluence\/#article","isPartOf":{"@id":"https:\/\/la-redactrice-web.fr\/blog\/a-la-une\/redactrice-de-mode-un-metier-au-coeur-de-la-creativite-et-de-linfluence\/"},"author":{"name":"Th\u00e9o Rouvier","@id":"https:\/\/la-redactrice-web.fr\/blog\/#\/schema\/person\/3c864cdc320801e3db34b663e7e3f816"},"headline":"R\u00e9dactrice de mode : un m\u00e9tier au c\u0153ur de la cr\u00e9ativit\u00e9 et de l&rsquo;influence","datePublished":"2025-02-08T23:24:00+00:00","mainEntityOfPage":{"@id":"https:\/\/la-redactrice-web.fr\/blog\/a-la-une\/redactrice-de-mode-un-metier-au-coeur-de-la-creativite-et-de-linfluence\/"},"wordCount":662,"commentCount":25,"publisher":{"@id":"https:\/\/la-redactrice-web.fr\/blog\/#organization"},"image":{"@id":"https:\/\/la-redactrice-web.fr\/blog\/a-la-une\/redactrice-de-mode-un-metier-au-coeur-de-la-creativite-et-de-linfluence\/#primaryimage"},"thumbnailUrl":"https:\/\/la-redactrice-web.fr\/blog\/wp-content\/uploads\/2025\/02\/stability-redactrice-de-mode-un-metier-au-coeur-de-la-creativite-et-de-linfluence.png","keywords":["Comp\u00e9tences","Creativit\u00e9","D\u00e9fis","Industrie","R\u00e9dactrice de Mode","Tendances"],"articleSection":["\u00c0 la une"],"inLanguage":"fr-FR","potentialAction":[{"@type":"CommentAction","name":"Comment","target":["https:\/\/la-redactrice-web.fr\/blog\/a-la-une\/redactrice-de-mode-un-metier-au-coeur-de-la-creativite-et-de-linfluence\/#respond"]}]},{"@type":"WebPage","@id":"https:\/\/la-redactrice-web.fr\/blog\/a-la-une\/redactrice-de-mode-un-metier-au-coeur-de-la-creativite-et-de-linfluence\/","url":"https:\/\/la-redactrice-web.fr\/blog\/a-la-une\/redactrice-de-mode-un-metier-au-coeur-de-la-creativite-et-de-linfluence\/","name":"R\u00e9dactrice de mode : un m\u00e9tier au c\u0153ur de la cr\u00e9ativit\u00e9","isPartOf":{"@id":"https:\/\/la-redactrice-web.fr\/blog\/#website"},"primaryImageOfPage":{"@id":"https:\/\/la-redactrice-web.fr\/blog\/a-la-une\/redactrice-de-mode-un-metier-au-coeur-de-la-creativite-et-de-linfluence\/#primaryimage"},"image":{"@id":"https:\/\/la-redactrice-web.fr\/blog\/a-la-une\/redactrice-de-mode-un-metier-au-coeur-de-la-creativite-et-de-linfluence\/#primaryimage"},"thumbnailUrl":"https:\/\/la-redactrice-web.fr\/blog\/wp-content\/uploads\/2025\/02\/stability-redactrice-de-mode-un-metier-au-coeur-de-la-creativite-et-de-linfluence.png","datePublished":"2025-02-08T23:24:00+00:00","description":"Comment ces professionnelles parviennent-elles \u00e0 capturer l'essence de la mode tout en influen\u00e7ant les tendances ? Cet article explore les multiples","inLanguage":"fr-FR","potentialAction":[{"@type":"ReadAction","target":["https:\/\/la-redactrice-web.fr\/blog\/a-la-une\/redactrice-de-mode-un-metier-au-coeur-de-la-creativite-et-de-linfluence\/"]}]},{"@type":"ImageObject","inLanguage":"fr-FR","@id":"https:\/\/la-redactrice-web.fr\/blog\/a-la-une\/redactrice-de-mode-un-metier-au-coeur-de-la-creativite-et-de-linfluence\/#primaryimage","url":"https:\/\/la-redactrice-web.fr\/blog\/wp-content\/uploads\/2025\/02\/stability-redactrice-de-mode-un-metier-au-coeur-de-la-creativite-et-de-linfluence.png","contentUrl":"https:\/\/la-redactrice-web.fr\/blog\/wp-content\/uploads\/2025\/02\/stability-redactrice-de-mode-un-metier-au-coeur-de-la-creativite-et-de-linfluence.png","width":1024,"height":576},{"@type":"WebSite","@id":"https:\/\/la-redactrice-web.fr\/blog\/#website","url":"https:\/\/la-redactrice-web.fr\/blog\/","name":"La R\u00e9dactrice Web","description":"La R\u00e9dactrice Web, vos mots qui r\u00e9sonnent","publisher":{"@id":"https:\/\/la-redactrice-web.fr\/blog\/#organization"},"alternateName":"La R\u00e9dactrice Web, vos mots qui r\u00e9sonnent","potentialAction":[{"@type":"SearchAction","target":{"@type":"EntryPoint","urlTemplate":"https:\/\/la-redactrice-web.fr\/blog\/?s={search_term_string}"},"query-input":{"@type":"PropertyValueSpecification","valueRequired":true,"valueName":"search_term_string"}}],"inLanguage":"fr-FR"},{"@type":"Organization","@id":"https:\/\/la-redactrice-web.fr\/blog\/#organization","name":"La R\u00e9dactrice Web","alternateName":"La R\u00e9dactrice Web","url":"https:\/\/la-redactrice-web.fr\/blog\/","logo":{"@type":"ImageObject","inLanguage":"fr-FR","@id":"https:\/\/la-redactrice-web.fr\/blog\/#\/schema\/logo\/image\/","url":"https:\/\/la-redactrice-web.fr\/blog\/wp-content\/uploads\/2024\/12\/31.png","contentUrl":"https:\/\/la-redactrice-web.fr\/blog\/wp-content\/uploads\/2024\/12\/31.png","width":500,"height":500,"caption":"La R\u00e9dactrice Web"},"image":{"@id":"https:\/\/la-redactrice-web.fr\/blog\/#\/schema\/logo\/image\/"}},{"@type":"Person","@id":"https:\/\/la-redactrice-web.fr\/blog\/#\/schema\/person\/3c864cdc320801e3db34b663e7e3f816","name":"Th\u00e9o Rouvier","image":{"@type":"ImageObject","inLanguage":"fr-FR","@id":"https:\/\/la-redactrice-web.fr\/blog\/#\/schema\/person\/image\/","url":"https:\/\/la-redactrice-web.fr\/blog\/wp-content\/uploads\/2026\/06\/persona_theo-r-96x96.jpg","contentUrl":"https:\/\/la-redactrice-web.fr\/blog\/wp-content\/uploads\/2026\/06\/persona_theo-r-96x96.jpg","caption":"Th\u00e9o Rouvier"},"description":"Le web et la communication sont mon m\u00e9tier depuis une dizaine d'ann\u00e9es, entre r\u00e9daction, strat\u00e9gie de contenu et accompagnement de projets en ligne. J'\u00e9cris sur la cr\u00e9ation de site, le marketing digital, l'image de marque et le m\u00e9tier de r\u00e9dacteur web, avec l'envie de rendre ces sujets concrets pour les ind\u00e9pendants et les petites entreprises. J'aime expliquer comment se construit une pr\u00e9sence en ligne cr\u00e9dible, du choix des mots \u00e0 la coh\u00e9rence visuelle, sans recourir au jargon d'agence. Avant de recommander une m\u00e9thode ou un outil, je l'\u00e9prouve sur le terrain et je distingue ce qui marche vraiment des promesses \u00e0 la mode. Je me m\u00e9fie des recettes miracles en marketing, car aucune ne dispense de travail et de r\u00e9gularit\u00e9. Mon angle : donner des rep\u00e8res solides pour communiquer juste et b\u00e2tir une marque qui dure, \u00e0 hauteur de budgets r\u00e9els et d'\u00e9quipes r\u00e9duites.","sameAs":["https:\/\/theorouvier.fr\/"],"url":"https:\/\/la-redactrice-web.fr\/blog\/auteur\/noname\/"}]}},"_links":{"self":[{"href":"https:\/\/la-redactrice-web.fr\/blog\/wp-json\/wp\/v2\/posts\/7374","targetHints":{"allow":["GET"]}}],"collection":[{"href":"https:\/\/la-redactrice-web.fr\/blog\/wp-json\/wp\/v2\/posts"}],"about":[{"href":"https:\/\/la-redactrice-web.fr\/blog\/wp-json\/wp\/v2\/types\/post"}],"author":[{"embeddable":true,"href":"https:\/\/la-redactrice-web.fr\/blog\/wp-json\/wp\/v2\/users\/34"}],"replies":[{"embeddable":true,"href":"https:\/\/la-redactrice-web.fr\/blog\/wp-json\/wp\/v2\/comments?post=7374"}],"version-history":[{"count":2,"href":"https:\/\/la-redactrice-web.fr\/blog\/wp-json\/wp\/v2\/posts\/7374\/revisions"}],"predecessor-version":[{"id":7445,"href":"https:\/\/la-redactrice-web.fr\/blog\/wp-json\/wp\/v2\/posts\/7374\/revisions\/7445"}],"wp:featuredmedia":[{"embeddable":true,"href":"https:\/\/la-redactrice-web.fr\/blog\/wp-json\/wp\/v2\/media\/7375"}],"wp:attachment":[{"href":"https:\/\/la-redactrice-web.fr\/blog\/wp-json\/wp\/v2\/media?parent=7374"}],"wp:term":[{"taxonomy":"category","embeddable":true,"href":"https:\/\/la-redactrice-web.fr\/blog\/wp-json\/wp\/v2\/categories?post=7374"},{"taxonomy":"post_tag","embeddable":true,"href":"https:\/\/la-redactrice-web.fr\/blog\/wp-json\/wp\/v2\/tags?post=7374"}],"curies":[{"name":"wp","href":"https:\/\/api.w.org\/{rel}","templated":true}]}}