{"id":7503,"date":"2025-06-14T23:11:05","date_gmt":"2025-06-14T21:11:05","guid":{"rendered":"https:\/\/la-redactrice-web.fr\/blog\/a-la-une\/explorer-les-meilleurs-sites-francophones-pour-une-veille-technologique-efficace\/"},"modified":"2025-06-14T23:11:05","modified_gmt":"2025-06-14T21:11:05","slug":"explorer-les-meilleurs-sites-francophones-pour-une-veille-technologique-efficace","status":"publish","type":"post","link":"https:\/\/la-redactrice-web.fr\/blog\/a-la-une\/explorer-les-meilleurs-sites-francophones-pour-une-veille-technologique-efficace\/","title":{"rendered":"Explorer les meilleurs sites francophones pour une veille technologique efficace"},"content":{"rendered":"<h1>Explorer les meilleurs sites francophones pour une veille technologique efficace<\/h1>\n<h2>Les sites web francophones incontournables pour surveiller l\u2019innovation<\/h2>\n<p>\n        Pour une <strong>veille technologique exhaustive<\/strong>, certains portails s\u2019imposent de par leur <strong>qualit\u00e9 \u00e9ditoriale<\/strong>, la diversit\u00e9 des sujets couverts et la fr\u00e9quence de leurs mises \u00e0 jour. Leur atout r\u00e9side dans leur capacit\u00e9 \u00e0 centraliser <u>analyses d\u2019experts<\/u>, actualit\u00e9s sectorielles et retours d\u2019exp\u00e9rience cibl\u00e9s, ouvrant ainsi l\u2019acc\u00e8s \u00e0 une veille structur\u00e9e et cr\u00e9dible.\n    <\/p>\n<ul>\n<li>\n            <strong>Le Blog du Mod\u00e9rateur (BDM)<\/strong> : R\u00e9f\u00e9rence francophone, BDM propose quotidiennement des dossiers approfondis sur le <u>webmarketing<\/u>, les <strong>r\u00e9seaux sociaux<\/strong> et les <strong>outils digitaux<\/strong>. Sa rubrique \u201cTendances\u201d permet de suivre l\u2019\u00e9mergence de nouvelles pratiques, tandis que ses interviews d\u2019acteurs du secteur offrent un pr\u00e9cieux \u00e9clairage sur les mutations en cours. En 2024, la s\u00e9rie d\u2019analyses sur l\u2019int\u00e9gration de l\u2019IA g\u00e9n\u00e9rative dans les campagnes marketing a \u00e9t\u00e9 particuli\u00e8rement remarqu\u00e9e[2].\n        <\/li>\n<li>\n            <strong>Si\u00e8cle Digital<\/strong> : Cet acteur majeur du <strong>journalisme technologique<\/strong> s\u2019est distingu\u00e9 par sa couverture pointue de l\u2019<strong>IA<\/strong>, du <strong>cloud computing<\/strong> ou encore de la <strong>cybers\u00e9curit\u00e9<\/strong>. La mise \u00e0 disposition d\u2019un podcast hebdomadaire compl\u00e8te l\u2019offre \u00e9crite, et les dossiers sp\u00e9ciaux sur le <u>futur du travail digital<\/u> ou l\u2019influence de la blockchain sont r\u00e9guli\u00e8rement cit\u00e9s par les professionnels[2].\n        <\/li>\n<li>\n            <strong>FrenchWeb<\/strong> : Pl\u00e9biscit\u00e9 par les start-up et scale-up fran\u00e7aises, FrenchWeb diss\u00e8que l\u2019actualit\u00e9 de l\u2019\u00e9conomie num\u00e9rique via des interviews de dirigeants, des \u00e9tudes sectorielles et des parutions d\u00e9di\u00e9es \u00e0 l\u2019<strong>innovation entrepreneuriale<\/strong>. En 2023, la plateforme a r\u00e9alis\u00e9 un dossier complet sur l\u2019essor des <u>deeptech<\/u> francophones, tr\u00e8s relay\u00e9 dans l\u2019\u00e9cosyst\u00e8me.\n        <\/li>\n<li>\n            <strong>L\u2019Usine Digitale<\/strong> : M\u00e9dia de r\u00e9f\u00e9rence pour tout ce qui concerne l\u2019<strong>industrie 4.0<\/strong>, la <strong>robotique<\/strong> et la <strong>transformation digitale<\/strong> des organisations. La publication r\u00e9guli\u00e8re de dossiers sectoriels (sant\u00e9, transport, \u00e9nergie) et l\u2019analyse d\u00e9taill\u00e9e des tendances permettent une vision globale de la technologie appliqu\u00e9e aux m\u00e9tiers industriels.\n        <\/li>\n<\/ul>\n<p>\n        <u>La r\u00e9gularit\u00e9 des publications<\/u>, l\u2019acc\u00e8s \u00e0 des contenus exclusifs (\u00e9tudes, white papers) et la pr\u00e9sence d\u2019agendas \u00e9v\u00e9nementiels font de ces sites des points de passage oblig\u00e9s pour toute strat\u00e9gie de veille efficace.\n    <\/p>\n<h2>M\u00e9dias sp\u00e9cialis\u00e9s et blogs d\u2019experts : des sources de veille pointues<\/h2>\n<p>\n        L\u2019expertise de terrain apport\u00e9e par des professionnels du digital, du <strong>marketing<\/strong> ou de l\u2019<strong>innovation<\/strong> donne \u00e0 la veille une profondeur suppl\u00e9mentaire. Les blogs anim\u00e9s par des experts permettent d\u2019acc\u00e9der \u00e0 des analyses prospectives, \u00e0 des d\u00e9cryptages d\u2019actualit\u00e9 ou \u00e0 des conseils op\u00e9rationnels, souvent absents des m\u00e9dias g\u00e9n\u00e9ralistes.\n    <\/p>\n<ul>\n<li>\n            <strong>Fred Cavazza<\/strong> : Analyste reconnu, il d\u00e9cortique l\u2019impact des mutations num\u00e9riques sur les business models. Ses articles en 2025 sur les nouveaux usages de l\u2019IA g\u00e9n\u00e9rative dans le commerce \u00e9lectronique illustrent la pertinence de croiser une vision prospective et des cas concrets.\n        <\/li>\n<li>\n            <strong>Korben<\/strong> : Blog incontournable pour la <strong>cybers\u00e9curit\u00e9<\/strong> et la <strong>culture geek<\/strong>. En mai 2024, un billet sur la s\u00e9curit\u00e9 des objets connect\u00e9s a entra\u00een\u00e9 d\u2019importants d\u00e9bats dans la communaut\u00e9 francophone.\n        <\/li>\n<li>\n            <strong>Blog de St\u00e9phane Truph\u00e8me (Invox)<\/strong> : Ce sp\u00e9cialiste du marketing B2B publie r\u00e9guli\u00e8rement des analyses sur la <strong>transformation digitale des entreprises<\/strong> et partage les meilleures pratiques d\u2019automatisation \u00e9ditoriale.\n        <\/li>\n<\/ul>\n<p>\n        Consulter ces <strong>blogs d\u2019experts<\/strong> permet de gagner en r\u00e9activit\u00e9 gr\u00e2ce aux retours d\u2019exp\u00e9rience et aux anticipations de tendances. Leur capacit\u00e9 \u00e0 vulgariser la technique tout en reliant les usages aux enjeux business constitue un facteur cl\u00e9 pour s\u2019orienter dans la complexit\u00e9 technologique actuelle.\n    <\/p>\n<h2>La puissance des outils num\u00e9riques de veille francophones<\/h2>\n<p>\n        La ma\u00eetrise des technologies d\u2019agr\u00e9gation, de filtrage et d\u2019analyse de l\u2019information transforme la fa\u00e7on dont nous effectuons notre veille. Les <strong>outils de veille strat\u00e9gique<\/strong> facilitent la collecte, le tri et l\u2019automatisation des surveillances, garantissant un suivi en temps r\u00e9el et la d\u00e9tection rapide des signaux faibles.\n    <\/p>\n<ul>\n<li>\n            <strong>Feedly<\/strong> et <strong>Inoreader<\/strong> : Deux agr\u00e9gateurs RSS utilis\u00e9s par les \u00e9quipes digitales pour composer une <u>veille personnalis\u00e9e<\/u> \u00e0 partir de sources sp\u00e9cialis\u00e9es. L\u2019option de tags th\u00e9matiques avanc\u00e9s et l\u2019int\u00e9gration avec Slack ou Trello facilitent le partage en temps r\u00e9el entre collaborateurs[5].\n        <\/li>\n<li>\n            <strong>Meltwater<\/strong> : Plateforme compl\u00e8te d\u2019<strong>intelligence m\u00e9dia<\/strong>, Meltwater traite l\u2019ensemble des flux d\u2019actualit\u00e9s, des r\u00e9seaux sociaux et des blogs francophones. En 2025, Meltwater propose des dashboards sur mesure, des analyses d\u2019e-r\u00e9putation et la g\u00e9n\u00e9ration automatique de rapports sectoriels[1].\n        <\/li>\n<li>\n            <strong>Talkwalker<\/strong> et <strong>Brandwatch<\/strong> : Ces solutions s\u2019illustrent par leur capacit\u00e9 \u00e0 analyser l\u2019<strong>\u00e9cosyst\u00e8me digital<\/strong> dans son ensemble (sites web, forums, r\u00e9seaux sociaux) et \u00e0 fournir des indicateurs cl\u00e9s sur le volume de mentions, les th\u00e9matiques \u00e9mergentes et la perception de marque[3].\n        <\/li>\n<\/ul>\n<p>\n        <u>L\u2019int\u00e9gration avec d\u2019autres outils collaboratifs<\/u> (Slack, Notion, Monday) simplifie le travail d\u2019\u00e9quipe, permettant d\u2019assigner des t\u00e2ches ou de valider les insights sur des projets strat\u00e9giques. Cette modularit\u00e9 s\u2019adapte tant aux besoins individuels qu\u2019aux grands groupes qui veulent industrialiser leur d\u00e9marche de surveillance technologique.\n    <\/p>\n<h2>L\u2019exploitation des r\u00e9seaux sociaux et podcasts pour une vision d\u2019ensemble<\/h2>\n<p>\n        Pour compl\u00e9ter une veille \u00e9crite, les <strong>r\u00e9seaux sociaux<\/strong> et les <strong>podcasts francophones<\/strong> constituent un gisement d\u2019informations vivantes, interactives et souvent exclusives. Leur force r\u00e9side dans la rapidit\u00e9 de diffusion et l\u2019interaction directe avec les experts du secteur.\n    <\/p>\n<ul>\n<li>\n            <strong>LinkedIn<\/strong> : Espace privil\u00e9gi\u00e9 des d\u00e9cideurs technologiques, LinkedIn permet de suivre les pages officielles d\u2019entreprises innovantes, de s\u2019abonner \u00e0 des hashtags th\u00e9matiques (#IA, #MarTech) ou encore de participer \u00e0 des groupes de discussion sp\u00e9cialis\u00e9s.\n        <\/li>\n<li>\n            <strong>X (ex-Twitter)<\/strong> : L\u2019actualit\u00e9 en temps r\u00e9el y est aliment\u00e9e par des journalistes, analystes et influenceurs du num\u00e9rique. Plusieurs fils d\u00e9di\u00e9s \u00e0 la <strong>blockchain<\/strong> et \u00e0 la <strong>cybers\u00e9curit\u00e9<\/strong> ont vu leur audience exploser en 2025.\n        <\/li>\n<li>\n            <strong>YouTube<\/strong> : Plusieurs cha\u00eenes francophones publient des analyses vid\u00e9o sur les grandes tendances tech, \u00e0 l\u2019image de la cha\u00eene \u201cScienceEtonnante\u201d qui a abord\u00e9 en d\u00e9tail la d\u00e9mocratisation du quantique cette ann\u00e9e.\n        <\/li>\n<li>\n            <strong>Podcasts<\/strong> : \u201cTech Caf\u00e9\u201d, \u201cG\u00e9n\u00e9ration Do It Yourself\u201d ou \u201cLe Super Daily\u201d donnent la parole \u00e0 ceux qui font l\u2019innovation. Au printemps 2024, une s\u00e9rie d\u2019interviews crois\u00e9e entre dirigeants de scale-up et chercheurs en IA a \u00e9t\u00e9 l\u2019une des sources les plus comment\u00e9es dans la sph\u00e8re professionnelle[5].\n        <\/li>\n<\/ul>\n<p>\n        <u>Utiliser ces formats<\/u> permet de d\u00e9passer la stricte lecture d\u2019actualit\u00e9s pour s\u2019immerger dans des \u00e9changes, acc\u00e9der \u00e0 des conf\u00e9rences enregistr\u00e9es ou \u00e9couter des retours d\u2019exp\u00e9rience in\u00e9dits. Leur compl\u00e9mentarit\u00e9 conf\u00e8re \u00e0 la veille une dimension humaine et communautaire, indispensable \u00e0 l\u2019interpr\u00e9tation des signaux faibles.\n    <\/p>\n<h2>Conseils pour optimiser sa veille gr\u00e2ce \u00e0 la diversit\u00e9 des sources francophones<\/h2>\n<p>\n        La richesse d\u2019une veille technologique r\u00e9side dans la <strong>diversification des sources<\/strong>. Croiser m\u00e9dias sp\u00e9cialis\u00e9s, plateformes collaboratives, r\u00e9seaux sociaux et bases acad\u00e9miques garantit une vision globale et \u00e9vite les angles morts, tout en stimulant la d\u00e9couverte de signaux faibles et d\u2019initiatives \u00e9mergentes.\n    <\/p>\n<ul>\n<li>\n            <strong>Alterner formats courts et analyses de fond<\/strong> : Consulter au quotidien des notifications ou r\u00e9sum\u00e9s d\u2019actualit\u00e9 (BDM, Si\u00e8cle Digital), tout en prenant le temps de lire des dossiers sectoriels sur FrenchWeb ou L\u2019Usine Digitale, permet de conjuguer r\u00e9activit\u00e9 et compr\u00e9hension en profondeur.\n        <\/li>\n<li>\n            <strong>Miser sur la compl\u00e9mentarit\u00e9 francophone-international<\/strong> : Si la majorit\u00e9 des innovations mondiales sont document\u00e9es en anglais, les sites francophones contextualisent les enjeux pour les march\u00e9s europ\u00e9ens ou africains, proposent des exemples locaux et facilitent l\u2019\u00e9change dans la m\u00eame langue. Mixer ces deux sph\u00e8res enrichit consid\u00e9rablement la veille[5].\n        <\/li>\n<li>\n            <strong>Exploiter les bases de donn\u00e9es acad\u00e9miques et brevets<\/strong> : Google Scholar, PubMed ou encore Espacenet permettent d\u2019acc\u00e9der \u00e0 l\u2019\u00e9tat de la recherche et d\u2019anticiper les futures applications industrielles. La veille sur les d\u00e9p\u00f4ts de brevets, directement li\u00e9e aux innovations concr\u00e8tes, demeure sous-exploit\u00e9e dans le paysage hexagonal.\n        <\/li>\n<li>\n            <strong>S\u2019appuyer sur les outils d\u2019automatisation<\/strong> : L\u2019usage combin\u00e9 des agr\u00e9gateurs RSS, filtres th\u00e9matiques et alertes dynamiques (Feedly, Meltwater) rationalise le temps consacr\u00e9 \u00e0 la veille et lib\u00e8re des marges de man\u0153uvre pour l\u2019analyse.\n        <\/li>\n<\/ul>\n<p>\n        <u>L\u2019agilit\u00e9 de la d\u00e9marche<\/u> repose sur la capacit\u00e9 \u00e0 tester, ajuster et renouveler ses sources, mais aussi \u00e0 s\u2019ouvrir \u00e0 l\u2019\u00e9cosyst\u00e8me francophone dans sa globalit\u00e9. La veille collaborative, l\u2019intelligence collective et la mutualisation des ressources sont \u00e0 privil\u00e9gier pour r\u00e9pondre au rythme effr\u00e9n\u00e9 de l\u2019innovation technologique en 2025.\n    <\/p>\n","protected":false},"excerpt":{"rendered":"","protected":false},"author":34,"featured_media":7566,"comment_status":"open","ping_status":"open","sticky":false,"template":"","format":"standard","meta":{"_acf_changed":false,"manual_indexmenow":false,"indexmenow_id_project":0,"footnotes":""},"categories":[1],"tags":[4697,4696,4695],"class_list":["post-7503","post","type-post","status-publish","format-standard","has-post-thumbnail","hentry","category-a-la-une","tag-actualite-tech","tag-sites-francophones","tag-veille-technologique","generate-columns","tablet-grid-50","mobile-grid-100","grid-parent","grid-25"],"acf":[],"yoast_head":"<!-- This site is optimized with the Yoast SEO Premium plugin v21.3 (Yoast SEO v25.6) - https:\/\/yoast.com\/wordpress\/plugins\/seo\/ -->\n<title>Explorer les meilleurs sites francophones pour une veille<\/title>\n<meta name=\"description\" content=\"Pour une veille technologique exhaustive , certains portails s\u2019imposent de par leur qualit\u00e9 \u00e9ditoriale , la diversit\u00e9 des sujets couverts et la fr\u00e9quence\" \/>\n<meta name=\"robots\" content=\"index, follow, max-snippet:-1, max-image-preview:large, max-video-preview:-1\" \/>\n<link rel=\"canonical\" href=\"https:\/\/la-redactrice-web.fr\/blog\/a-la-une\/explorer-les-meilleurs-sites-francophones-pour-une-veille-technologique-efficace\/\" \/>\n<meta property=\"og:locale\" content=\"fr_FR\" \/>\n<meta property=\"og:type\" content=\"article\" \/>\n<meta property=\"og:title\" content=\"Explorer les meilleurs sites francophones pour une veille\" \/>\n<meta property=\"og:description\" content=\"Pour une veille technologique exhaustive , certains portails s\u2019imposent de par leur qualit\u00e9 \u00e9ditoriale , la diversit\u00e9 des sujets couverts et la fr\u00e9quence\" \/>\n<meta property=\"og:url\" content=\"https:\/\/la-redactrice-web.fr\/blog\/a-la-une\/explorer-les-meilleurs-sites-francophones-pour-une-veille-technologique-efficace\/\" \/>\n<meta property=\"og:site_name\" content=\"la-redactrice-web\" \/>\n<meta property=\"og:image\" content=\"https:\/\/la-redactrice-web.fr\/blog\/wp-content\/uploads\/2025\/07\/sdxl-783161b6e2f60e5279310310c25ef813-scaled.png\" \/>\n\t<meta property=\"og:image:width\" content=\"1200\" \/>\n\t<meta property=\"og:image:height\" content=\"500\" \/>\n\t<meta property=\"og:image:type\" content=\"image\/png\" \/>\n<meta name=\"author\" content=\"Th\u00e9o Rouvier\" \/>\n<meta name=\"twitter:card\" content=\"summary_large_image\" \/>\n<script type=\"application\/ld+json\" class=\"yoast-schema-graph\">{\"@context\":\"https:\/\/schema.org\",\"@graph\":[{\"@type\":\"NewsArticle\",\"@id\":\"https:\/\/la-redactrice-web.fr\/blog\/a-la-une\/explorer-les-meilleurs-sites-francophones-pour-une-veille-technologique-efficace\/#article\",\"isPartOf\":{\"@id\":\"https:\/\/la-redactrice-web.fr\/blog\/a-la-une\/explorer-les-meilleurs-sites-francophones-pour-une-veille-technologique-efficace\/\"},\"author\":{\"name\":\"Th\u00e9o Rouvier\",\"@id\":\"https:\/\/la-redactrice-web.fr\/blog\/#\/schema\/person\/3c864cdc320801e3db34b663e7e3f816\"},\"headline\":\"Explorer les meilleurs sites francophones pour une veille technologique efficace\",\"datePublished\":\"2025-06-14T21:11:05+00:00\",\"mainEntityOfPage\":{\"@id\":\"https:\/\/la-redactrice-web.fr\/blog\/a-la-une\/explorer-les-meilleurs-sites-francophones-pour-une-veille-technologique-efficace\/\"},\"wordCount\":1466,\"commentCount\":0,\"publisher\":{\"@id\":\"https:\/\/la-redactrice-web.fr\/blog\/#organization\"},\"image\":{\"@id\":\"https:\/\/la-redactrice-web.fr\/blog\/a-la-une\/explorer-les-meilleurs-sites-francophones-pour-une-veille-technologique-efficace\/#primaryimage\"},\"thumbnailUrl\":\"https:\/\/la-redactrice-web.fr\/blog\/wp-content\/uploads\/2025\/07\/sdxl-783161b6e2f60e5279310310c25ef813-scaled.png\",\"keywords\":[\"actualite tech\",\"sites francophones\",\"veille technologique\"],\"articleSection\":[\"\u00c0 la une\"],\"inLanguage\":\"fr-FR\",\"potentialAction\":[{\"@type\":\"CommentAction\",\"name\":\"Comment\",\"target\":[\"https:\/\/la-redactrice-web.fr\/blog\/a-la-une\/explorer-les-meilleurs-sites-francophones-pour-une-veille-technologique-efficace\/#respond\"]}]},{\"@type\":\"WebPage\",\"@id\":\"https:\/\/la-redactrice-web.fr\/blog\/a-la-une\/explorer-les-meilleurs-sites-francophones-pour-une-veille-technologique-efficace\/\",\"url\":\"https:\/\/la-redactrice-web.fr\/blog\/a-la-une\/explorer-les-meilleurs-sites-francophones-pour-une-veille-technologique-efficace\/\",\"name\":\"Explorer les meilleurs sites francophones pour une veille\",\"isPartOf\":{\"@id\":\"https:\/\/la-redactrice-web.fr\/blog\/#website\"},\"primaryImageOfPage\":{\"@id\":\"https:\/\/la-redactrice-web.fr\/blog\/a-la-une\/explorer-les-meilleurs-sites-francophones-pour-une-veille-technologique-efficace\/#primaryimage\"},\"image\":{\"@id\":\"https:\/\/la-redactrice-web.fr\/blog\/a-la-une\/explorer-les-meilleurs-sites-francophones-pour-une-veille-technologique-efficace\/#primaryimage\"},\"thumbnailUrl\":\"https:\/\/la-redactrice-web.fr\/blog\/wp-content\/uploads\/2025\/07\/sdxl-783161b6e2f60e5279310310c25ef813-scaled.png\",\"datePublished\":\"2025-06-14T21:11:05+00:00\",\"description\":\"Pour une veille technologique exhaustive , certains portails s\u2019imposent de par leur qualit\u00e9 \u00e9ditoriale , la diversit\u00e9 des sujets couverts et la fr\u00e9quence\",\"inLanguage\":\"fr-FR\",\"potentialAction\":[{\"@type\":\"ReadAction\",\"target\":[\"https:\/\/la-redactrice-web.fr\/blog\/a-la-une\/explorer-les-meilleurs-sites-francophones-pour-une-veille-technologique-efficace\/\"]}]},{\"@type\":\"ImageObject\",\"inLanguage\":\"fr-FR\",\"@id\":\"https:\/\/la-redactrice-web.fr\/blog\/a-la-une\/explorer-les-meilleurs-sites-francophones-pour-une-veille-technologique-efficace\/#primaryimage\",\"url\":\"https:\/\/la-redactrice-web.fr\/blog\/wp-content\/uploads\/2025\/07\/sdxl-783161b6e2f60e5279310310c25ef813-scaled.png\",\"contentUrl\":\"https:\/\/la-redactrice-web.fr\/blog\/wp-content\/uploads\/2025\/07\/sdxl-783161b6e2f60e5279310310c25ef813-scaled.png\",\"width\":1200,\"height\":500},{\"@type\":\"WebSite\",\"@id\":\"https:\/\/la-redactrice-web.fr\/blog\/#website\",\"url\":\"https:\/\/la-redactrice-web.fr\/blog\/\",\"name\":\"La R\u00e9dactrice Web\",\"description\":\"La R\u00e9dactrice Web, vos mots qui r\u00e9sonnent\",\"publisher\":{\"@id\":\"https:\/\/la-redactrice-web.fr\/blog\/#organization\"},\"alternateName\":\"La R\u00e9dactrice Web, vos mots qui r\u00e9sonnent\",\"potentialAction\":[{\"@type\":\"SearchAction\",\"target\":{\"@type\":\"EntryPoint\",\"urlTemplate\":\"https:\/\/la-redactrice-web.fr\/blog\/?s={search_term_string}\"},\"query-input\":{\"@type\":\"PropertyValueSpecification\",\"valueRequired\":true,\"valueName\":\"search_term_string\"}}],\"inLanguage\":\"fr-FR\"},{\"@type\":\"Organization\",\"@id\":\"https:\/\/la-redactrice-web.fr\/blog\/#organization\",\"name\":\"La R\u00e9dactrice Web\",\"alternateName\":\"La R\u00e9dactrice Web\",\"url\":\"https:\/\/la-redactrice-web.fr\/blog\/\",\"logo\":{\"@type\":\"ImageObject\",\"inLanguage\":\"fr-FR\",\"@id\":\"https:\/\/la-redactrice-web.fr\/blog\/#\/schema\/logo\/image\/\",\"url\":\"https:\/\/la-redactrice-web.fr\/blog\/wp-content\/uploads\/2024\/12\/31.png\",\"contentUrl\":\"https:\/\/la-redactrice-web.fr\/blog\/wp-content\/uploads\/2024\/12\/31.png\",\"width\":500,\"height\":500,\"caption\":\"La R\u00e9dactrice Web\"},\"image\":{\"@id\":\"https:\/\/la-redactrice-web.fr\/blog\/#\/schema\/logo\/image\/\"}},{\"@type\":\"Person\",\"@id\":\"https:\/\/la-redactrice-web.fr\/blog\/#\/schema\/person\/3c864cdc320801e3db34b663e7e3f816\",\"name\":\"Th\u00e9o Rouvier\",\"image\":{\"@type\":\"ImageObject\",\"inLanguage\":\"fr-FR\",\"@id\":\"https:\/\/la-redactrice-web.fr\/blog\/#\/schema\/person\/image\/\",\"url\":\"https:\/\/la-redactrice-web.fr\/blog\/wp-content\/uploads\/2026\/06\/persona_theo-r-96x96.jpg\",\"contentUrl\":\"https:\/\/la-redactrice-web.fr\/blog\/wp-content\/uploads\/2026\/06\/persona_theo-r-96x96.jpg\",\"caption\":\"Th\u00e9o Rouvier\"},\"description\":\"Le web et la communication sont mon m\u00e9tier depuis une dizaine d'ann\u00e9es, entre r\u00e9daction, strat\u00e9gie de contenu et accompagnement de projets en ligne. J'\u00e9cris sur la cr\u00e9ation de site, le marketing digital, l'image de marque et le m\u00e9tier de r\u00e9dacteur web, avec l'envie de rendre ces sujets concrets pour les ind\u00e9pendants et les petites entreprises. J'aime expliquer comment se construit une pr\u00e9sence en ligne cr\u00e9dible, du choix des mots \u00e0 la coh\u00e9rence visuelle, sans recourir au jargon d'agence. Avant de recommander une m\u00e9thode ou un outil, je l'\u00e9prouve sur le terrain et je distingue ce qui marche vraiment des promesses \u00e0 la mode. Je me m\u00e9fie des recettes miracles en marketing, car aucune ne dispense de travail et de r\u00e9gularit\u00e9. Mon angle : donner des rep\u00e8res solides pour communiquer juste et b\u00e2tir une marque qui dure, \u00e0 hauteur de budgets r\u00e9els et d'\u00e9quipes r\u00e9duites.\",\"sameAs\":[\"https:\/\/theorouvier.fr\/\"],\"url\":\"https:\/\/la-redactrice-web.fr\/blog\/auteur\/noname\/\"}]}<\/script>\n<!-- \/ Yoast SEO Premium plugin. -->","yoast_head_json":{"title":"Explorer les meilleurs sites francophones pour une veille","description":"Pour une veille technologique exhaustive , certains portails s\u2019imposent de par leur qualit\u00e9 \u00e9ditoriale , la diversit\u00e9 des sujets couverts et la fr\u00e9quence","robots":{"index":"index","follow":"follow","max-snippet":"max-snippet:-1","max-image-preview":"max-image-preview:large","max-video-preview":"max-video-preview:-1"},"canonical":"https:\/\/la-redactrice-web.fr\/blog\/a-la-une\/explorer-les-meilleurs-sites-francophones-pour-une-veille-technologique-efficace\/","og_locale":"fr_FR","og_type":"article","og_title":"Explorer les meilleurs sites francophones pour une veille","og_description":"Pour une veille technologique exhaustive , certains portails s\u2019imposent de par leur qualit\u00e9 \u00e9ditoriale , la diversit\u00e9 des sujets couverts et la fr\u00e9quence","og_url":"https:\/\/la-redactrice-web.fr\/blog\/a-la-une\/explorer-les-meilleurs-sites-francophones-pour-une-veille-technologique-efficace\/","og_site_name":"la-redactrice-web","og_image":[{"width":1200,"height":500,"url":"https:\/\/la-redactrice-web.fr\/blog\/wp-content\/uploads\/2025\/07\/sdxl-783161b6e2f60e5279310310c25ef813-scaled.png","type":"image\/png"}],"author":"Th\u00e9o Rouvier","twitter_card":"summary_large_image","schema":{"@context":"https:\/\/schema.org","@graph":[{"@type":"NewsArticle","@id":"https:\/\/la-redactrice-web.fr\/blog\/a-la-une\/explorer-les-meilleurs-sites-francophones-pour-une-veille-technologique-efficace\/#article","isPartOf":{"@id":"https:\/\/la-redactrice-web.fr\/blog\/a-la-une\/explorer-les-meilleurs-sites-francophones-pour-une-veille-technologique-efficace\/"},"author":{"name":"Th\u00e9o Rouvier","@id":"https:\/\/la-redactrice-web.fr\/blog\/#\/schema\/person\/3c864cdc320801e3db34b663e7e3f816"},"headline":"Explorer les meilleurs sites francophones pour une veille technologique efficace","datePublished":"2025-06-14T21:11:05+00:00","mainEntityOfPage":{"@id":"https:\/\/la-redactrice-web.fr\/blog\/a-la-une\/explorer-les-meilleurs-sites-francophones-pour-une-veille-technologique-efficace\/"},"wordCount":1466,"commentCount":0,"publisher":{"@id":"https:\/\/la-redactrice-web.fr\/blog\/#organization"},"image":{"@id":"https:\/\/la-redactrice-web.fr\/blog\/a-la-une\/explorer-les-meilleurs-sites-francophones-pour-une-veille-technologique-efficace\/#primaryimage"},"thumbnailUrl":"https:\/\/la-redactrice-web.fr\/blog\/wp-content\/uploads\/2025\/07\/sdxl-783161b6e2f60e5279310310c25ef813-scaled.png","keywords":["actualite tech","sites francophones","veille technologique"],"articleSection":["\u00c0 la une"],"inLanguage":"fr-FR","potentialAction":[{"@type":"CommentAction","name":"Comment","target":["https:\/\/la-redactrice-web.fr\/blog\/a-la-une\/explorer-les-meilleurs-sites-francophones-pour-une-veille-technologique-efficace\/#respond"]}]},{"@type":"WebPage","@id":"https:\/\/la-redactrice-web.fr\/blog\/a-la-une\/explorer-les-meilleurs-sites-francophones-pour-une-veille-technologique-efficace\/","url":"https:\/\/la-redactrice-web.fr\/blog\/a-la-une\/explorer-les-meilleurs-sites-francophones-pour-une-veille-technologique-efficace\/","name":"Explorer les meilleurs sites francophones pour une veille","isPartOf":{"@id":"https:\/\/la-redactrice-web.fr\/blog\/#website"},"primaryImageOfPage":{"@id":"https:\/\/la-redactrice-web.fr\/blog\/a-la-une\/explorer-les-meilleurs-sites-francophones-pour-une-veille-technologique-efficace\/#primaryimage"},"image":{"@id":"https:\/\/la-redactrice-web.fr\/blog\/a-la-une\/explorer-les-meilleurs-sites-francophones-pour-une-veille-technologique-efficace\/#primaryimage"},"thumbnailUrl":"https:\/\/la-redactrice-web.fr\/blog\/wp-content\/uploads\/2025\/07\/sdxl-783161b6e2f60e5279310310c25ef813-scaled.png","datePublished":"2025-06-14T21:11:05+00:00","description":"Pour une veille technologique exhaustive , certains portails s\u2019imposent de par leur qualit\u00e9 \u00e9ditoriale , la diversit\u00e9 des sujets couverts et la fr\u00e9quence","inLanguage":"fr-FR","potentialAction":[{"@type":"ReadAction","target":["https:\/\/la-redactrice-web.fr\/blog\/a-la-une\/explorer-les-meilleurs-sites-francophones-pour-une-veille-technologique-efficace\/"]}]},{"@type":"ImageObject","inLanguage":"fr-FR","@id":"https:\/\/la-redactrice-web.fr\/blog\/a-la-une\/explorer-les-meilleurs-sites-francophones-pour-une-veille-technologique-efficace\/#primaryimage","url":"https:\/\/la-redactrice-web.fr\/blog\/wp-content\/uploads\/2025\/07\/sdxl-783161b6e2f60e5279310310c25ef813-scaled.png","contentUrl":"https:\/\/la-redactrice-web.fr\/blog\/wp-content\/uploads\/2025\/07\/sdxl-783161b6e2f60e5279310310c25ef813-scaled.png","width":1200,"height":500},{"@type":"WebSite","@id":"https:\/\/la-redactrice-web.fr\/blog\/#website","url":"https:\/\/la-redactrice-web.fr\/blog\/","name":"La R\u00e9dactrice Web","description":"La R\u00e9dactrice Web, vos mots qui r\u00e9sonnent","publisher":{"@id":"https:\/\/la-redactrice-web.fr\/blog\/#organization"},"alternateName":"La R\u00e9dactrice Web, vos mots qui r\u00e9sonnent","potentialAction":[{"@type":"SearchAction","target":{"@type":"EntryPoint","urlTemplate":"https:\/\/la-redactrice-web.fr\/blog\/?s={search_term_string}"},"query-input":{"@type":"PropertyValueSpecification","valueRequired":true,"valueName":"search_term_string"}}],"inLanguage":"fr-FR"},{"@type":"Organization","@id":"https:\/\/la-redactrice-web.fr\/blog\/#organization","name":"La R\u00e9dactrice Web","alternateName":"La R\u00e9dactrice Web","url":"https:\/\/la-redactrice-web.fr\/blog\/","logo":{"@type":"ImageObject","inLanguage":"fr-FR","@id":"https:\/\/la-redactrice-web.fr\/blog\/#\/schema\/logo\/image\/","url":"https:\/\/la-redactrice-web.fr\/blog\/wp-content\/uploads\/2024\/12\/31.png","contentUrl":"https:\/\/la-redactrice-web.fr\/blog\/wp-content\/uploads\/2024\/12\/31.png","width":500,"height":500,"caption":"La R\u00e9dactrice Web"},"image":{"@id":"https:\/\/la-redactrice-web.fr\/blog\/#\/schema\/logo\/image\/"}},{"@type":"Person","@id":"https:\/\/la-redactrice-web.fr\/blog\/#\/schema\/person\/3c864cdc320801e3db34b663e7e3f816","name":"Th\u00e9o Rouvier","image":{"@type":"ImageObject","inLanguage":"fr-FR","@id":"https:\/\/la-redactrice-web.fr\/blog\/#\/schema\/person\/image\/","url":"https:\/\/la-redactrice-web.fr\/blog\/wp-content\/uploads\/2026\/06\/persona_theo-r-96x96.jpg","contentUrl":"https:\/\/la-redactrice-web.fr\/blog\/wp-content\/uploads\/2026\/06\/persona_theo-r-96x96.jpg","caption":"Th\u00e9o Rouvier"},"description":"Le web et la communication sont mon m\u00e9tier depuis une dizaine d'ann\u00e9es, entre r\u00e9daction, strat\u00e9gie de contenu et accompagnement de projets en ligne. J'\u00e9cris sur la cr\u00e9ation de site, le marketing digital, l'image de marque et le m\u00e9tier de r\u00e9dacteur web, avec l'envie de rendre ces sujets concrets pour les ind\u00e9pendants et les petites entreprises. J'aime expliquer comment se construit une pr\u00e9sence en ligne cr\u00e9dible, du choix des mots \u00e0 la coh\u00e9rence visuelle, sans recourir au jargon d'agence. Avant de recommander une m\u00e9thode ou un outil, je l'\u00e9prouve sur le terrain et je distingue ce qui marche vraiment des promesses \u00e0 la mode. Je me m\u00e9fie des recettes miracles en marketing, car aucune ne dispense de travail et de r\u00e9gularit\u00e9. Mon angle : donner des rep\u00e8res solides pour communiquer juste et b\u00e2tir une marque qui dure, \u00e0 hauteur de budgets r\u00e9els et d'\u00e9quipes r\u00e9duites.","sameAs":["https:\/\/theorouvier.fr\/"],"url":"https:\/\/la-redactrice-web.fr\/blog\/auteur\/noname\/"}]}},"_links":{"self":[{"href":"https:\/\/la-redactrice-web.fr\/blog\/wp-json\/wp\/v2\/posts\/7503","targetHints":{"allow":["GET"]}}],"collection":[{"href":"https:\/\/la-redactrice-web.fr\/blog\/wp-json\/wp\/v2\/posts"}],"about":[{"href":"https:\/\/la-redactrice-web.fr\/blog\/wp-json\/wp\/v2\/types\/post"}],"author":[{"embeddable":true,"href":"https:\/\/la-redactrice-web.fr\/blog\/wp-json\/wp\/v2\/users\/34"}],"replies":[{"embeddable":true,"href":"https:\/\/la-redactrice-web.fr\/blog\/wp-json\/wp\/v2\/comments?post=7503"}],"version-history":[{"count":0,"href":"https:\/\/la-redactrice-web.fr\/blog\/wp-json\/wp\/v2\/posts\/7503\/revisions"}],"wp:featuredmedia":[{"embeddable":true,"href":"https:\/\/la-redactrice-web.fr\/blog\/wp-json\/wp\/v2\/media\/7566"}],"wp:attachment":[{"href":"https:\/\/la-redactrice-web.fr\/blog\/wp-json\/wp\/v2\/media?parent=7503"}],"wp:term":[{"taxonomy":"category","embeddable":true,"href":"https:\/\/la-redactrice-web.fr\/blog\/wp-json\/wp\/v2\/categories?post=7503"},{"taxonomy":"post_tag","embeddable":true,"href":"https:\/\/la-redactrice-web.fr\/blog\/wp-json\/wp\/v2\/tags?post=7503"}],"curies":[{"name":"wp","href":"https:\/\/api.w.org\/{rel}","templated":true}]}}