{"id":7516,"date":"2025-06-14T23:43:32","date_gmt":"2025-06-14T21:43:32","guid":{"rendered":"https:\/\/la-redactrice-web.fr\/blog\/a-la-une\/panorama-des-forums-dentraide-pour-maitriser-docker-et-kubernetes\/"},"modified":"2025-06-14T23:43:32","modified_gmt":"2025-06-14T21:43:32","slug":"panorama-des-forums-dentraide-pour-maitriser-docker-et-kubernetes","status":"publish","type":"post","link":"https:\/\/la-redactrice-web.fr\/blog\/a-la-une\/panorama-des-forums-dentraide-pour-maitriser-docker-et-kubernetes\/","title":{"rendered":"Panorama des forums d\u2019entraide pour ma\u00eetriser Docker et Kubernetes"},"content":{"rendered":"<h1>Panorama des forums d\u2019entraide pour ma\u00eetriser Docker et Kubernetes<\/h1>\n<h2>Cartographie des communaut\u00e9s francophones incontournables<\/h2>\n<p>\nLe choix de la communaut\u00e9 est souvent d\u00e9terminant pour la progression technique. Les <strong>espaces francophones<\/strong> d\u00e9di\u00e9s \u00e0 Docker et Kubernetes offrent non seulement un acc\u00e8s \u00e0 des conseils en fran\u00e7ais, mais favorisent l\u2019\u00e9change d\u2019astuces adapt\u00e9es au contexte local, notamment pour des probl\u00e9matiques sp\u00e9cifiques au march\u00e9 ou \u00e0 la l\u00e9gislation.<br \/>\nNous avons recens\u00e9 les lieux les plus actifs et influents pour poser des questions, partager des architectures, ou d\u00e9couvrir de nouveaux usages :\n<\/p>\n<ul>\n<li>\n    <strong>Kubernetes \u2013 France<\/strong> sur Slack : Ce groupe priv\u00e9 rassemble plusieurs centaines de professionnels, dont des contributeurs open source et des ing\u00e9nieurs DevOps, abordant des sujets pointus tels que l\u2019optimisation de clusters multi-cloud et la gestion des incidents de production.\n  <\/li>\n<li>\n    <strong>Docker France<\/strong> : Accessible via des forums sp\u00e9cialis\u00e9s et une communaut\u00e9 Discord, ce collectif traite de tout le cycle de vie des conteneurs, de l\u2019\u00e9criture des <strong>Dockerfiles<\/strong> au d\u00e9ploiement en CI\/CD, en passant par la s\u00e9curit\u00e9 des environnements.\n  <\/li>\n<li>\n    <strong>Le Collectif CHATONS<\/strong> : Les forums publics accueillent des discussions autour du <u>logiciel libre<\/u> et des usages de Docker\/Kubernetes pour l\u2019auto-h\u00e9bergement, la f\u00e9d\u00e9ration de services, ou l\u2019int\u00e9gration d\u2019outils open source. R\u00e9activit\u00e9, expertise technique et entraide accessible y sont au rendez-vous.\n  <\/li>\n<li>\n    <strong>ServeTheHome FR<\/strong> : Tr\u00e8s dynamique pour les \u00e9changes sur l\u2019automatisation et le homelab, ce forum contient des sujets pouss\u00e9s sur la gestion de clusters et le d\u00e9ploiement de stacks Kubernetes, en s\u2019appuyant sur de nombreux cas concrets d\u2019infrastructure personnelle ou professionnelle.\n  <\/li>\n<li>\n    <strong>Stack Overflow (fran\u00e7ais)<\/strong> : M\u00eame si la plateforme reste g\u00e9n\u00e9raliste, on y retrouve une sous-communaut\u00e9 tr\u00e8s r\u00e9active sur les tags Docker et Kubernetes, utile pour obtenir des r\u00e9ponses rapides sur des points pr\u00e9cis du d\u00e9veloppement ou du troubleshooting.\n  <\/li>\n<\/ul>\n<p>\nLa diversit\u00e9 des profils rencontr\u00e9s, des ing\u00e9nieurs cloud aux \u00e9tudiants, en passant par les responsables infrastructure, permet d\u2019enrichir chaque \u00e9change. Nous y gagnons en diversit\u00e9 de points de vue comme en pertinence pratique, surtout pour affronter des environnements complexes ou r\u00e9pliquer un retour d\u2019exp\u00e9rience.\n<\/p>\n<h2>Rep\u00e9rer le bon fil de discussion selon ses besoins techniques<\/h2>\n<p>\nUne des cl\u00e9s pour progresser sur <strong>Docker<\/strong> et <strong>Kubernetes<\/strong> r\u00e9side dans la capacit\u00e9 \u00e0 <u>identifier rapidement le fil de discussion le plus adapt\u00e9<\/u> \u00e0 sa probl\u00e9matique. Les espaces communautaires structurent leurs forums selon les axes techniques\u00a0suivants :\n<\/p>\n<ul>\n<li>\n    <strong>Installation et prise en main<\/strong> : Fils regroupant les \u00e9tapes de mise en place sur diverses distributions (Ubuntu, Fedora, Debian), la r\u00e9solution des d\u00e9pendances, ou l\u2019activation de Kubernetes sur Docker Desktop.\n  <\/li>\n<li>\n    <strong>Configuration avanc\u00e9e<\/strong> : Discussions sur la segmentation r\u00e9seau, la mise en \u0153uvre de plugins CNI, ou la gestion du stockage persistant avec des solutions comme Ceph ou GlusterFS.\n  <\/li>\n<li>\n    <strong>D\u00e9pannage de clusters<\/strong> : Cat\u00e9gorie tr\u00e8s pris\u00e9e o\u00f9 l\u2019on expose des logs, analyse la gestion des n\u0153uds d\u00e9faillants, ou discute des erreurs sp\u00e9cifiques de <strong>kubelet<\/strong> ou de <strong>kubectl<\/strong>. Sur le forum CHATONS, ce type de fil regorge de conseils techniques et de scripts pr\u00eats \u00e0 l\u2019emploi.\n  <\/li>\n<li>\n    <strong>Optimisation des performances<\/strong> : Espace d\u00e9di\u00e9 au r\u00e9glage fin des ressources, au monitoring, \u00e0 la gestion de la scalabilit\u00e9 et \u00e0 l\u2019optimisation du co\u00fbt des clusters, tr\u00e8s utile lors de d\u00e9ploiements en cloud hybride.\n  <\/li>\n<li>\n    <strong>Int\u00e9gration continue et pipelines CI\/CD<\/strong> : Section o\u00f9 l\u2019on discute de l\u2019int\u00e9gration de Jenkins, GitLab CI ou ArgoCD avec des clusters Kubernetes, et des retours d\u2019exp\u00e9rience sur la mise en place de workflows robustes.\n  <\/li>\n<\/ul>\n<p>\nPour maximiser vos chances d\u2019obtenir une r\u00e9ponse pertinente, <u>formulez votre requ\u00eate de mani\u00e8re structur\u00e9e<\/u>\u00a0: pr\u00e9cisez le contexte, indiquez les versions utilis\u00e9es (par exemple Docker 25.x, Kubernetes 1.30), d\u00e9taillez les logs ou messages d\u2019erreur, et v\u00e9rifiez si une discussion similaire a \u00e9t\u00e9 r\u00e9cemment ouverte. Cette m\u00e9thodologie b\u00e9n\u00e9ficie pleinement des archives tr\u00e8s riches des forums, o\u00f9 chaque \u00e9change peut servir de base \u00e0 une r\u00e9solution rapide.\n<\/p>\n<h2>Les forums sp\u00e9cialis\u00e9s versus l\u2019entraide g\u00e9n\u00e9raliste\u00a0: quels avantages\u00a0?<\/h2>\n<p>\nLe choix entre un forum sp\u00e9cialis\u00e9 et une plateforme d\u2019entraide g\u00e9n\u00e9raliste influence la qualit\u00e9 et la profondeur des solutions obtenues. Nous avons observ\u00e9 que les communaut\u00e9s expertes, telles que les forums d\u00e9di\u00e9s \u00e0 Docker ou les hubs Kubernetes, offrent un niveau d\u2019accompagnement in\u00e9gal\u00e9 sur des questions pointues.\n<\/p>\n<ul>\n<li>\n    Les <strong>forums sp\u00e9cialis\u00e9s<\/strong> permettent d\u2019acc\u00e9der \u00e0 des analyses d\u00e9taill\u00e9es, \u00e0 des solutions sur-mesure pour des clusters de taille cons\u00e9quente, ou \u00e0 la r\u00e9solution d\u2019incidents de production complexes. La densit\u00e9 d\u2019\u00e9changes entre experts, la relecture de codes ou d\u2019architectures, et la pr\u00e9sence de contributeurs open source y sont fr\u00e9quentes.\n  <\/li>\n<li>\n    Les <strong>espaces g\u00e9n\u00e9ralistes<\/strong> (Reddit, Stack Overflow, Discord multilingue), s\u2019ils offrent une audience plus large et rapide, souffrent parfois d\u2019une superficialit\u00e9 dans les r\u00e9ponses ou d\u2019une redondance des cas trait\u00e9s. Toutefois, ils s\u2019av\u00e8rent efficaces pour des probl\u00e8mes courants ou pour obtenir un retour imm\u00e9diat sur une d\u00e9marche de troubleshooting.\n  <\/li>\n<\/ul>\n<p>\nDans notre pratique, choisir un forum pointu pour un d\u00e9ploiement complexe ou l\u2019automatisation avanc\u00e9e de clusters Kubernetes g\u00e9n\u00e8re souvent des pistes in\u00e9dites, en s\u2019appuyant sur des retours concrets d\u2019utilisateurs ayant exp\u00e9riment\u00e9 les m\u00eames exigences de s\u00e9curit\u00e9, de r\u00e9silience ou d\u2019int\u00e9gration logicielle.\n<\/p>\n<h2>Conseils pour s\u2019int\u00e9grer et valoriser ses contributions dans les \u00e9changes<\/h2>\n<p>\nL\u2019int\u00e9gration durable au sein d\u2019une communaut\u00e9 technique repose sur des principes cl\u00e9s. Un membre actif b\u00e9n\u00e9ficie d\u2019un acc\u00e8s privil\u00e9gi\u00e9 \u00e0 des ressources r\u00e9serv\u00e9es, mais aussi d\u2019une reconnaissance qui valorise son capital expertise. Nous recommandons les pratiques suivantes\u00a0:\n<\/p>\n<ul>\n<li>\n    <strong>Respecter les r\u00e8gles et chartes<\/strong> de chaque espace\u00a0: elles garantissent la s\u00e9curit\u00e9 de l\u2019\u00e9change et maintiennent la qualit\u00e9 du forum.\n  <\/li>\n<li>\n    <strong>Privil\u00e9gier la clart\u00e9 et la concision<\/strong>\u00a0: exposez vos questions ou r\u00e9ponses avec rigueur, en utilisant des balises de code et en \u00e9vitant le jargon inutile.\n  <\/li>\n<li>\n    <strong>Partager le retour d\u2019exp\u00e9rience<\/strong> une fois la solution trouv\u00e9e\u00a0: pr\u00e9cisez la d\u00e9marche retenue, les \u00e9checs rencontr\u00e9s et les adaptations n\u00e9cessaires selon les environnements. Nombreux fils embl\u00e9matiques sur ServeTheHome ou le forum Docker France t\u00e9moignent de l\u2019efficacit\u00e9 collective g\u00e9n\u00e9r\u00e9e par ce type de retour.\n  <\/li>\n<li>\n    <strong>Soutenir la dynamique positive<\/strong>\u00a0: encouragez les d\u00e9butants, valorisez l\u2019apprentissage continu, et alimentez la veille technologique par des liens, tutoriels ou benchmarks r\u00e9cents.\n  <\/li>\n<\/ul>\n<p>\nParticiper activement cr\u00e9e une spirale vertueuse, o\u00f9 chaque contributeur devient force de proposition et acteur de l\u2019innovation au sein de son \u00e9cosyst\u00e8me.\n<\/p>\n<h2>Exploiter les retours d\u2019exp\u00e9rience et \u00e9tudes de cas partag\u00e9s<\/h2>\n<p>\nLes fils de discussion les plus riches sont ceux o\u00f9 des membres d\u00e9voilent leur organisation technique, partagent les d\u00e9fis d\u2019une migration ou analysent un incident critique en production. Ces cas concrets valent bien des tutoriels, car ils refl\u00e8tent la r\u00e9alit\u00e9 du terrain.\n<\/p>\n<ul>\n<li>\n    En 2024, un ing\u00e9nieur du collectif CHATONS a d\u00e9taill\u00e9 la migration d\u2019un service de messagerie instantan\u00e9e auto-h\u00e9berg\u00e9 vers un cluster Kubernetes multi-r\u00e9gions, explicitant le choix des contr\u00f4leurs d\u2019entr\u00e9e, la gestion du stockage dynamique et l\u2019automatisation du monitoring Prometheus.\n  <\/li>\n<li>\n    Un administrateur sur Docker France a partag\u00e9 les \u00e9tapes de la refonte d\u2019une plateforme e-commerce, passant d\u2019un d\u00e9ploiement Docker Swarm \u00e0 Kubernetes, exposant les workflows CI\/CD optimis\u00e9s, la gestion des secrets avec HashiCorp Vault, et la personnalisation du r\u00e9seau via Calico.\n  <\/li>\n<li>\n    Sur ServeTheHome, plusieurs membres ont contribu\u00e9 \u00e0 une analyse comparative des performances entre Minikube, K3s et un cluster Kubernetes sur bare-metal, mettant en avant les limitations pratiques de chaque approche pour une infrastructure de homelab produite \u00e0 moindre co\u00fbt.\n  <\/li>\n<\/ul>\n<p>\nCapitaliser sur ce type d\u2019\u00e9change permet d\u2019acc\u00e9l\u00e9rer l\u2019apprentissage, d\u2019anticiper les \u00e9cueils, de rep\u00e9rer les configurations \u00e0 \u00e9viter (d\u00e9sactivation du swap, choix judicieux du CNI) et de gagner en robustesse lors des d\u00e9ploiements. Nous tirons pleinement profit de ces r\u00e9cits document\u00e9s, bien plus instructifs qu\u2019une documentation lin\u00e9aire.\n<\/p>\n<h2>Forums et autoformation\u00a0: maximiser son apprentissage en parall\u00e8le des tutoriels<\/h2>\n<p>\nLa mont\u00e9e en comp\u00e9tence sur Docker et Kubernetes ne repose pas uniquement sur la th\u00e9orie. Les interactions communautaires cr\u00e9ent une synergie d\u00e9cisive avec la formation continue et l\u2019exp\u00e9rimentation pratique. On observe la compl\u00e9mentarit\u00e9 suivante :\n<\/p>\n<ul>\n<li>\n    <strong>Forums<\/strong>\u00a0: acc\u00e8s \u00e0 des probl\u00e9matiques r\u00e9elles, solutions \u00e9prouv\u00e9es et conseils contextualis\u00e9s selon les environnements OS, les contraintes de production ou la gestion multi-cloud.\n  <\/li>\n<li>\n    <strong>Cours en ligne<\/strong>\u00a0: MOOC, vid\u00e9os, et ateliers cibl\u00e9s pour acqu\u00e9rir les bases (comme la gestion de Docker Compose, l\u2019initiation \u00e0 <strong>kubectl<\/strong>, ou la pratique avanc\u00e9e de Kubernetes avec <strong>Kubeadm<\/strong> et <strong>Minikube<\/strong>).\n  <\/li>\n<li>\n    <strong>Ateliers communautaires et meetups<\/strong>\u00a0: stages pratiques (souvent gratuits) pour tester en direct la migration d\u2019applications, l\u2019optimisation de clusters, ou la s\u00e9curisation des workflows DevOps.\n  <\/li>\n<li>\n    <strong>Partage sur la pratique \u201cKubernetes the hard way\u201d<\/strong> : Nombreux utilisateurs documentent la cr\u00e9ation manuelle d\u2019un cluster, exposant les gains en compr\u00e9hension profonde de chaque composant (kubelet, kube-proxy, etcd), la configuration du r\u00e9seau, ou la gestion fine de la s\u00e9curit\u00e9.\n  <\/li>\n<\/ul>\n<p>\nEn confrontant r\u00e9guli\u00e8rement les acquis th\u00e9oriques aux discussions communautaires, nous d\u00e9couvrons des \u201cfailles\u201d dans nos logiques, d\u00e9busquons des r\u00e9ponses in\u00e9dites, et progressons concr\u00e8tement par l\u2019\u00e9change. Collaborer, tester, documenter ses progr\u00e8s et ses difficult\u00e9s sur ces forums construit une expertise robuste, adapt\u00e9e \u00e0 la production et \u00e0 la veille continue.<\/p>\n","protected":false},"excerpt":{"rendered":"","protected":false},"author":34,"featured_media":7538,"comment_status":"open","ping_status":"open","sticky":false,"template":"","format":"standard","meta":{"_acf_changed":false,"manual_indexmenow":false,"indexmenow_id_project":0,"footnotes":""},"categories":[1],"tags":[4723,4725,4724],"class_list":["post-7516","post","type-post","status-publish","format-standard","has-post-thumbnail","hentry","category-a-la-une","tag-docker","tag-entraide","tag-kubernetes","generate-columns","tablet-grid-50","mobile-grid-100","grid-parent","grid-25"],"acf":[],"yoast_head":"<!-- This site is optimized with the Yoast SEO Premium plugin v21.3 (Yoast SEO v25.6) - https:\/\/yoast.com\/wordpress\/plugins\/seo\/ -->\n<title>Panorama des forums d\u2019entraide pour ma\u00eetriser Docker<\/title>\n<meta name=\"description\" content=\"Le choix de la communaut\u00e9 est souvent d\u00e9terminant pour la progression technique. Les espaces francophones d\u00e9di\u00e9s \u00e0 Docker et Kubernetes offrent non\" \/>\n<meta name=\"robots\" content=\"index, follow, max-snippet:-1, max-image-preview:large, max-video-preview:-1\" \/>\n<link rel=\"canonical\" href=\"https:\/\/la-redactrice-web.fr\/blog\/a-la-une\/panorama-des-forums-dentraide-pour-maitriser-docker-et-kubernetes\/\" \/>\n<meta property=\"og:locale\" content=\"fr_FR\" \/>\n<meta property=\"og:type\" content=\"article\" \/>\n<meta property=\"og:title\" content=\"Panorama des forums d\u2019entraide pour ma\u00eetriser Docker\" \/>\n<meta property=\"og:description\" content=\"Le choix de la communaut\u00e9 est souvent d\u00e9terminant pour la progression technique. Les espaces francophones d\u00e9di\u00e9s \u00e0 Docker et Kubernetes offrent non\" \/>\n<meta property=\"og:url\" content=\"https:\/\/la-redactrice-web.fr\/blog\/a-la-une\/panorama-des-forums-dentraide-pour-maitriser-docker-et-kubernetes\/\" \/>\n<meta property=\"og:site_name\" content=\"la-redactrice-web\" \/>\n<meta property=\"og:image\" content=\"https:\/\/la-redactrice-web.fr\/blog\/wp-content\/uploads\/2025\/07\/sdxl-255aab4cf77ac59f8546fb00c1a2f220-scaled.png\" \/>\n\t<meta property=\"og:image:width\" content=\"1200\" \/>\n\t<meta property=\"og:image:height\" content=\"500\" \/>\n\t<meta property=\"og:image:type\" content=\"image\/png\" \/>\n<meta name=\"author\" content=\"Th\u00e9o Rouvier\" \/>\n<meta name=\"twitter:card\" content=\"summary_large_image\" \/>\n<script type=\"application\/ld+json\" class=\"yoast-schema-graph\">{\"@context\":\"https:\/\/schema.org\",\"@graph\":[{\"@type\":\"NewsArticle\",\"@id\":\"https:\/\/la-redactrice-web.fr\/blog\/a-la-une\/panorama-des-forums-dentraide-pour-maitriser-docker-et-kubernetes\/#article\",\"isPartOf\":{\"@id\":\"https:\/\/la-redactrice-web.fr\/blog\/a-la-une\/panorama-des-forums-dentraide-pour-maitriser-docker-et-kubernetes\/\"},\"author\":{\"name\":\"Th\u00e9o Rouvier\",\"@id\":\"https:\/\/la-redactrice-web.fr\/blog\/#\/schema\/person\/3c864cdc320801e3db34b663e7e3f816\"},\"headline\":\"Panorama des forums d\u2019entraide pour ma\u00eetriser Docker et Kubernetes\",\"datePublished\":\"2025-06-14T21:43:32+00:00\",\"mainEntityOfPage\":{\"@id\":\"https:\/\/la-redactrice-web.fr\/blog\/a-la-une\/panorama-des-forums-dentraide-pour-maitriser-docker-et-kubernetes\/\"},\"wordCount\":1652,\"commentCount\":0,\"publisher\":{\"@id\":\"https:\/\/la-redactrice-web.fr\/blog\/#organization\"},\"image\":{\"@id\":\"https:\/\/la-redactrice-web.fr\/blog\/a-la-une\/panorama-des-forums-dentraide-pour-maitriser-docker-et-kubernetes\/#primaryimage\"},\"thumbnailUrl\":\"https:\/\/la-redactrice-web.fr\/blog\/wp-content\/uploads\/2025\/07\/sdxl-255aab4cf77ac59f8546fb00c1a2f220-scaled.png\",\"keywords\":[\"docker\",\"entraide\",\"kubernetes\"],\"articleSection\":[\"\u00c0 la une\"],\"inLanguage\":\"fr-FR\",\"potentialAction\":[{\"@type\":\"CommentAction\",\"name\":\"Comment\",\"target\":[\"https:\/\/la-redactrice-web.fr\/blog\/a-la-une\/panorama-des-forums-dentraide-pour-maitriser-docker-et-kubernetes\/#respond\"]}]},{\"@type\":\"WebPage\",\"@id\":\"https:\/\/la-redactrice-web.fr\/blog\/a-la-une\/panorama-des-forums-dentraide-pour-maitriser-docker-et-kubernetes\/\",\"url\":\"https:\/\/la-redactrice-web.fr\/blog\/a-la-une\/panorama-des-forums-dentraide-pour-maitriser-docker-et-kubernetes\/\",\"name\":\"Panorama des forums d\u2019entraide pour ma\u00eetriser Docker\",\"isPartOf\":{\"@id\":\"https:\/\/la-redactrice-web.fr\/blog\/#website\"},\"primaryImageOfPage\":{\"@id\":\"https:\/\/la-redactrice-web.fr\/blog\/a-la-une\/panorama-des-forums-dentraide-pour-maitriser-docker-et-kubernetes\/#primaryimage\"},\"image\":{\"@id\":\"https:\/\/la-redactrice-web.fr\/blog\/a-la-une\/panorama-des-forums-dentraide-pour-maitriser-docker-et-kubernetes\/#primaryimage\"},\"thumbnailUrl\":\"https:\/\/la-redactrice-web.fr\/blog\/wp-content\/uploads\/2025\/07\/sdxl-255aab4cf77ac59f8546fb00c1a2f220-scaled.png\",\"datePublished\":\"2025-06-14T21:43:32+00:00\",\"description\":\"Le choix de la communaut\u00e9 est souvent d\u00e9terminant pour la progression technique. Les espaces francophones d\u00e9di\u00e9s \u00e0 Docker et Kubernetes offrent non\",\"inLanguage\":\"fr-FR\",\"potentialAction\":[{\"@type\":\"ReadAction\",\"target\":[\"https:\/\/la-redactrice-web.fr\/blog\/a-la-une\/panorama-des-forums-dentraide-pour-maitriser-docker-et-kubernetes\/\"]}]},{\"@type\":\"ImageObject\",\"inLanguage\":\"fr-FR\",\"@id\":\"https:\/\/la-redactrice-web.fr\/blog\/a-la-une\/panorama-des-forums-dentraide-pour-maitriser-docker-et-kubernetes\/#primaryimage\",\"url\":\"https:\/\/la-redactrice-web.fr\/blog\/wp-content\/uploads\/2025\/07\/sdxl-255aab4cf77ac59f8546fb00c1a2f220-scaled.png\",\"contentUrl\":\"https:\/\/la-redactrice-web.fr\/blog\/wp-content\/uploads\/2025\/07\/sdxl-255aab4cf77ac59f8546fb00c1a2f220-scaled.png\",\"width\":1200,\"height\":500},{\"@type\":\"WebSite\",\"@id\":\"https:\/\/la-redactrice-web.fr\/blog\/#website\",\"url\":\"https:\/\/la-redactrice-web.fr\/blog\/\",\"name\":\"La R\u00e9dactrice Web\",\"description\":\"La R\u00e9dactrice Web, vos mots qui r\u00e9sonnent\",\"publisher\":{\"@id\":\"https:\/\/la-redactrice-web.fr\/blog\/#organization\"},\"alternateName\":\"La R\u00e9dactrice Web, vos mots qui r\u00e9sonnent\",\"potentialAction\":[{\"@type\":\"SearchAction\",\"target\":{\"@type\":\"EntryPoint\",\"urlTemplate\":\"https:\/\/la-redactrice-web.fr\/blog\/?s={search_term_string}\"},\"query-input\":{\"@type\":\"PropertyValueSpecification\",\"valueRequired\":true,\"valueName\":\"search_term_string\"}}],\"inLanguage\":\"fr-FR\"},{\"@type\":\"Organization\",\"@id\":\"https:\/\/la-redactrice-web.fr\/blog\/#organization\",\"name\":\"La R\u00e9dactrice Web\",\"alternateName\":\"La R\u00e9dactrice Web\",\"url\":\"https:\/\/la-redactrice-web.fr\/blog\/\",\"logo\":{\"@type\":\"ImageObject\",\"inLanguage\":\"fr-FR\",\"@id\":\"https:\/\/la-redactrice-web.fr\/blog\/#\/schema\/logo\/image\/\",\"url\":\"https:\/\/la-redactrice-web.fr\/blog\/wp-content\/uploads\/2024\/12\/31.png\",\"contentUrl\":\"https:\/\/la-redactrice-web.fr\/blog\/wp-content\/uploads\/2024\/12\/31.png\",\"width\":500,\"height\":500,\"caption\":\"La R\u00e9dactrice Web\"},\"image\":{\"@id\":\"https:\/\/la-redactrice-web.fr\/blog\/#\/schema\/logo\/image\/\"}},{\"@type\":\"Person\",\"@id\":\"https:\/\/la-redactrice-web.fr\/blog\/#\/schema\/person\/3c864cdc320801e3db34b663e7e3f816\",\"name\":\"Th\u00e9o Rouvier\",\"image\":{\"@type\":\"ImageObject\",\"inLanguage\":\"fr-FR\",\"@id\":\"https:\/\/la-redactrice-web.fr\/blog\/#\/schema\/person\/image\/\",\"url\":\"https:\/\/la-redactrice-web.fr\/blog\/wp-content\/uploads\/2026\/06\/persona_theo-r-96x96.jpg\",\"contentUrl\":\"https:\/\/la-redactrice-web.fr\/blog\/wp-content\/uploads\/2026\/06\/persona_theo-r-96x96.jpg\",\"caption\":\"Th\u00e9o Rouvier\"},\"description\":\"Le web et la communication sont mon m\u00e9tier depuis une dizaine d'ann\u00e9es, entre r\u00e9daction, strat\u00e9gie de contenu et accompagnement de projets en ligne. J'\u00e9cris sur la cr\u00e9ation de site, le marketing digital, l'image de marque et le m\u00e9tier de r\u00e9dacteur web, avec l'envie de rendre ces sujets concrets pour les ind\u00e9pendants et les petites entreprises. J'aime expliquer comment se construit une pr\u00e9sence en ligne cr\u00e9dible, du choix des mots \u00e0 la coh\u00e9rence visuelle, sans recourir au jargon d'agence. Avant de recommander une m\u00e9thode ou un outil, je l'\u00e9prouve sur le terrain et je distingue ce qui marche vraiment des promesses \u00e0 la mode. Je me m\u00e9fie des recettes miracles en marketing, car aucune ne dispense de travail et de r\u00e9gularit\u00e9. Mon angle : donner des rep\u00e8res solides pour communiquer juste et b\u00e2tir une marque qui dure, \u00e0 hauteur de budgets r\u00e9els et d'\u00e9quipes r\u00e9duites.\",\"sameAs\":[\"https:\/\/theorouvier.fr\/\"],\"url\":\"https:\/\/la-redactrice-web.fr\/blog\/auteur\/noname\/\"}]}<\/script>\n<!-- \/ Yoast SEO Premium plugin. -->","yoast_head_json":{"title":"Panorama des forums d\u2019entraide pour ma\u00eetriser Docker","description":"Le choix de la communaut\u00e9 est souvent d\u00e9terminant pour la progression technique. Les espaces francophones d\u00e9di\u00e9s \u00e0 Docker et Kubernetes offrent non","robots":{"index":"index","follow":"follow","max-snippet":"max-snippet:-1","max-image-preview":"max-image-preview:large","max-video-preview":"max-video-preview:-1"},"canonical":"https:\/\/la-redactrice-web.fr\/blog\/a-la-une\/panorama-des-forums-dentraide-pour-maitriser-docker-et-kubernetes\/","og_locale":"fr_FR","og_type":"article","og_title":"Panorama des forums d\u2019entraide pour ma\u00eetriser Docker","og_description":"Le choix de la communaut\u00e9 est souvent d\u00e9terminant pour la progression technique. Les espaces francophones d\u00e9di\u00e9s \u00e0 Docker et Kubernetes offrent non","og_url":"https:\/\/la-redactrice-web.fr\/blog\/a-la-une\/panorama-des-forums-dentraide-pour-maitriser-docker-et-kubernetes\/","og_site_name":"la-redactrice-web","og_image":[{"width":1200,"height":500,"url":"https:\/\/la-redactrice-web.fr\/blog\/wp-content\/uploads\/2025\/07\/sdxl-255aab4cf77ac59f8546fb00c1a2f220-scaled.png","type":"image\/png"}],"author":"Th\u00e9o Rouvier","twitter_card":"summary_large_image","schema":{"@context":"https:\/\/schema.org","@graph":[{"@type":"NewsArticle","@id":"https:\/\/la-redactrice-web.fr\/blog\/a-la-une\/panorama-des-forums-dentraide-pour-maitriser-docker-et-kubernetes\/#article","isPartOf":{"@id":"https:\/\/la-redactrice-web.fr\/blog\/a-la-une\/panorama-des-forums-dentraide-pour-maitriser-docker-et-kubernetes\/"},"author":{"name":"Th\u00e9o Rouvier","@id":"https:\/\/la-redactrice-web.fr\/blog\/#\/schema\/person\/3c864cdc320801e3db34b663e7e3f816"},"headline":"Panorama des forums d\u2019entraide pour ma\u00eetriser Docker et Kubernetes","datePublished":"2025-06-14T21:43:32+00:00","mainEntityOfPage":{"@id":"https:\/\/la-redactrice-web.fr\/blog\/a-la-une\/panorama-des-forums-dentraide-pour-maitriser-docker-et-kubernetes\/"},"wordCount":1652,"commentCount":0,"publisher":{"@id":"https:\/\/la-redactrice-web.fr\/blog\/#organization"},"image":{"@id":"https:\/\/la-redactrice-web.fr\/blog\/a-la-une\/panorama-des-forums-dentraide-pour-maitriser-docker-et-kubernetes\/#primaryimage"},"thumbnailUrl":"https:\/\/la-redactrice-web.fr\/blog\/wp-content\/uploads\/2025\/07\/sdxl-255aab4cf77ac59f8546fb00c1a2f220-scaled.png","keywords":["docker","entraide","kubernetes"],"articleSection":["\u00c0 la une"],"inLanguage":"fr-FR","potentialAction":[{"@type":"CommentAction","name":"Comment","target":["https:\/\/la-redactrice-web.fr\/blog\/a-la-une\/panorama-des-forums-dentraide-pour-maitriser-docker-et-kubernetes\/#respond"]}]},{"@type":"WebPage","@id":"https:\/\/la-redactrice-web.fr\/blog\/a-la-une\/panorama-des-forums-dentraide-pour-maitriser-docker-et-kubernetes\/","url":"https:\/\/la-redactrice-web.fr\/blog\/a-la-une\/panorama-des-forums-dentraide-pour-maitriser-docker-et-kubernetes\/","name":"Panorama des forums d\u2019entraide pour ma\u00eetriser Docker","isPartOf":{"@id":"https:\/\/la-redactrice-web.fr\/blog\/#website"},"primaryImageOfPage":{"@id":"https:\/\/la-redactrice-web.fr\/blog\/a-la-une\/panorama-des-forums-dentraide-pour-maitriser-docker-et-kubernetes\/#primaryimage"},"image":{"@id":"https:\/\/la-redactrice-web.fr\/blog\/a-la-une\/panorama-des-forums-dentraide-pour-maitriser-docker-et-kubernetes\/#primaryimage"},"thumbnailUrl":"https:\/\/la-redactrice-web.fr\/blog\/wp-content\/uploads\/2025\/07\/sdxl-255aab4cf77ac59f8546fb00c1a2f220-scaled.png","datePublished":"2025-06-14T21:43:32+00:00","description":"Le choix de la communaut\u00e9 est souvent d\u00e9terminant pour la progression technique. Les espaces francophones d\u00e9di\u00e9s \u00e0 Docker et Kubernetes offrent non","inLanguage":"fr-FR","potentialAction":[{"@type":"ReadAction","target":["https:\/\/la-redactrice-web.fr\/blog\/a-la-une\/panorama-des-forums-dentraide-pour-maitriser-docker-et-kubernetes\/"]}]},{"@type":"ImageObject","inLanguage":"fr-FR","@id":"https:\/\/la-redactrice-web.fr\/blog\/a-la-une\/panorama-des-forums-dentraide-pour-maitriser-docker-et-kubernetes\/#primaryimage","url":"https:\/\/la-redactrice-web.fr\/blog\/wp-content\/uploads\/2025\/07\/sdxl-255aab4cf77ac59f8546fb00c1a2f220-scaled.png","contentUrl":"https:\/\/la-redactrice-web.fr\/blog\/wp-content\/uploads\/2025\/07\/sdxl-255aab4cf77ac59f8546fb00c1a2f220-scaled.png","width":1200,"height":500},{"@type":"WebSite","@id":"https:\/\/la-redactrice-web.fr\/blog\/#website","url":"https:\/\/la-redactrice-web.fr\/blog\/","name":"La R\u00e9dactrice Web","description":"La R\u00e9dactrice Web, vos mots qui r\u00e9sonnent","publisher":{"@id":"https:\/\/la-redactrice-web.fr\/blog\/#organization"},"alternateName":"La R\u00e9dactrice Web, vos mots qui r\u00e9sonnent","potentialAction":[{"@type":"SearchAction","target":{"@type":"EntryPoint","urlTemplate":"https:\/\/la-redactrice-web.fr\/blog\/?s={search_term_string}"},"query-input":{"@type":"PropertyValueSpecification","valueRequired":true,"valueName":"search_term_string"}}],"inLanguage":"fr-FR"},{"@type":"Organization","@id":"https:\/\/la-redactrice-web.fr\/blog\/#organization","name":"La R\u00e9dactrice Web","alternateName":"La R\u00e9dactrice Web","url":"https:\/\/la-redactrice-web.fr\/blog\/","logo":{"@type":"ImageObject","inLanguage":"fr-FR","@id":"https:\/\/la-redactrice-web.fr\/blog\/#\/schema\/logo\/image\/","url":"https:\/\/la-redactrice-web.fr\/blog\/wp-content\/uploads\/2024\/12\/31.png","contentUrl":"https:\/\/la-redactrice-web.fr\/blog\/wp-content\/uploads\/2024\/12\/31.png","width":500,"height":500,"caption":"La R\u00e9dactrice Web"},"image":{"@id":"https:\/\/la-redactrice-web.fr\/blog\/#\/schema\/logo\/image\/"}},{"@type":"Person","@id":"https:\/\/la-redactrice-web.fr\/blog\/#\/schema\/person\/3c864cdc320801e3db34b663e7e3f816","name":"Th\u00e9o Rouvier","image":{"@type":"ImageObject","inLanguage":"fr-FR","@id":"https:\/\/la-redactrice-web.fr\/blog\/#\/schema\/person\/image\/","url":"https:\/\/la-redactrice-web.fr\/blog\/wp-content\/uploads\/2026\/06\/persona_theo-r-96x96.jpg","contentUrl":"https:\/\/la-redactrice-web.fr\/blog\/wp-content\/uploads\/2026\/06\/persona_theo-r-96x96.jpg","caption":"Th\u00e9o Rouvier"},"description":"Le web et la communication sont mon m\u00e9tier depuis une dizaine d'ann\u00e9es, entre r\u00e9daction, strat\u00e9gie de contenu et accompagnement de projets en ligne. J'\u00e9cris sur la cr\u00e9ation de site, le marketing digital, l'image de marque et le m\u00e9tier de r\u00e9dacteur web, avec l'envie de rendre ces sujets concrets pour les ind\u00e9pendants et les petites entreprises. J'aime expliquer comment se construit une pr\u00e9sence en ligne cr\u00e9dible, du choix des mots \u00e0 la coh\u00e9rence visuelle, sans recourir au jargon d'agence. Avant de recommander une m\u00e9thode ou un outil, je l'\u00e9prouve sur le terrain et je distingue ce qui marche vraiment des promesses \u00e0 la mode. Je me m\u00e9fie des recettes miracles en marketing, car aucune ne dispense de travail et de r\u00e9gularit\u00e9. Mon angle : donner des rep\u00e8res solides pour communiquer juste et b\u00e2tir une marque qui dure, \u00e0 hauteur de budgets r\u00e9els et d'\u00e9quipes r\u00e9duites.","sameAs":["https:\/\/theorouvier.fr\/"],"url":"https:\/\/la-redactrice-web.fr\/blog\/auteur\/noname\/"}]}},"_links":{"self":[{"href":"https:\/\/la-redactrice-web.fr\/blog\/wp-json\/wp\/v2\/posts\/7516","targetHints":{"allow":["GET"]}}],"collection":[{"href":"https:\/\/la-redactrice-web.fr\/blog\/wp-json\/wp\/v2\/posts"}],"about":[{"href":"https:\/\/la-redactrice-web.fr\/blog\/wp-json\/wp\/v2\/types\/post"}],"author":[{"embeddable":true,"href":"https:\/\/la-redactrice-web.fr\/blog\/wp-json\/wp\/v2\/users\/34"}],"replies":[{"embeddable":true,"href":"https:\/\/la-redactrice-web.fr\/blog\/wp-json\/wp\/v2\/comments?post=7516"}],"version-history":[{"count":0,"href":"https:\/\/la-redactrice-web.fr\/blog\/wp-json\/wp\/v2\/posts\/7516\/revisions"}],"wp:featuredmedia":[{"embeddable":true,"href":"https:\/\/la-redactrice-web.fr\/blog\/wp-json\/wp\/v2\/media\/7538"}],"wp:attachment":[{"href":"https:\/\/la-redactrice-web.fr\/blog\/wp-json\/wp\/v2\/media?parent=7516"}],"wp:term":[{"taxonomy":"category","embeddable":true,"href":"https:\/\/la-redactrice-web.fr\/blog\/wp-json\/wp\/v2\/categories?post=7516"},{"taxonomy":"post_tag","embeddable":true,"href":"https:\/\/la-redactrice-web.fr\/blog\/wp-json\/wp\/v2\/tags?post=7516"}],"curies":[{"name":"wp","href":"https:\/\/api.w.org\/{rel}","templated":true}]}}