{"id":7521,"date":"2025-06-26T10:44:39","date_gmt":"2025-06-26T08:44:39","guid":{"rendered":"https:\/\/la-redactrice-web.fr\/blog\/?p=7521"},"modified":"2025-06-26T10:44:39","modified_gmt":"2025-06-26T08:44:39","slug":"top-10-des-claviers-ultra-fins-et-legers-pour-nomades-numeriques","status":"publish","type":"post","link":"https:\/\/la-redactrice-web.fr\/blog\/a-la-une\/top-10-des-claviers-ultra-fins-et-legers-pour-nomades-numeriques\/","title":{"rendered":"Top 10 des claviers ultra-fins et l\u00e9gers pour nomades num\u00e9riques"},"content":{"rendered":"<p>Dans ce guide, nous vous proposons une s\u00e9lection <u>objective<\/u> et <u>orient\u00e9e usage<\/u> des mod\u00e8les les plus performants du march\u00e9 pour les <strong>nomades num\u00e9riques<\/strong>. D\u00e9couvrez comment concilier <strong>compacit\u00e9<\/strong>, <strong>confort<\/strong>, <strong>autonomie<\/strong> et <strong>connectivit\u00e9 avanc\u00e9e<\/strong> au quotidien.<\/p>\n<h2>Pourquoi opter pour un clavier compact et l\u00e9ger en mobilit\u00e9\u00a0?<\/h2>\n<p>Lorsque nous travaillons en mode nomade, la <u>portabilit\u00e9<\/u> est un crit\u00e8re d\u00e9terminant. Un <strong>clavier l\u00e9ger<\/strong> et <strong>compact<\/strong> permet non seulement de lib\u00e9rer de l\u2019espace dans votre sac, mais aussi d\u2019installer un poste de travail ergonomique partout\u00a0: dans un train, un coworking ou m\u00eame lors d\u2019une escale. La <u>mobilit\u00e9<\/u> implique de transporter son mat\u00e9riel r\u00e9guli\u00e8rement. Opter pour un clavier pesant moins de 500 g et affichant moins de 2 cm d\u2019\u00e9paisseur, c\u2019est simplifier le quotidien, favoriser la productivit\u00e9 et r\u00e9duire la fatigue li\u00e9e au transport.<\/p>\n<ul>\n<li><strong>Gain de place\u00a0:<\/strong> Installation rapide sur tout support, m\u00eame restreint.<\/li>\n<li><strong>Facilit\u00e9 de transport\u00a0:<\/strong> Moins encombrant, glisse ais\u00e9ment dans une sacoche ou un sac \u00e0 dos.<\/li>\n<li><strong>Autonomie renforc\u00e9e\u00a0:<\/strong> Plusieurs semaines ou mois d\u2019autonomie, zappant les soucis de recharge quotidienne.<\/li>\n<li><strong>Polyvalence\u00a0:<\/strong> S\u2019adapte aussi bien \u00e0 une utilisation sur ordinateur, tablette ou smartphone.<\/li>\n<\/ul>\n<p>Ce sont l\u00e0 des arguments incontournables pour tout travailleur en d\u00e9placement, mais aussi pour ceux qui alternent fr\u00e9quemment entre diff\u00e9rents lieux ou appareils. Retrouvez notre <a href=\"https:\/\/clavier-express.com\/\" target=\"_blank\" rel=\"noopener\">S\u00e9lection de claviers ultra-fins pour nomades<\/a> pour orienter votre choix vers les mod\u00e8les les plus adapt\u00e9s \u00e0 la mobilit\u00e9.<\/p>\n<h2>Comment choisir son mod\u00e8le\u00a0: crit\u00e8res essentiels \u00e0 surveiller<\/h2>\n<p>Pour s\u00e9lectionner le <strong>meilleur clavier pour le t\u00e9l\u00e9travail<\/strong> ou la mobilit\u00e9, plusieurs crit\u00e8res techniques et pratiques doivent \u00eatre \u00e9valu\u00e9s avec attention. Le choix d\u00e9pendra de vos usages principaux mais certains fondamentaux restent incontournables.<\/p>\n<ul>\n<li><strong>Ergonomie<\/strong>\u00a0: Profondeur des touches, inclinaison, pr\u00e9sence ou non d\u2019un repose-poignet pour minimiser la fatigue.<\/li>\n<li><strong>Connectivit\u00e9<\/strong>\u00a0: Bluetooth, dongle USB, <u>multi-appareils<\/u> pour basculer sans friction entre ordinateur, tablette ou smartphone.<\/li>\n<li><strong>Autonomie<\/strong>\u00a0: Certains mod\u00e8les tiennent plusieurs semaines, voire des mois, sans recharge \u2013 id\u00e9al pour les longs d\u00e9placements.<\/li>\n<li><strong>Compatibilit\u00e9<\/strong>\u00a0: V\u00e9rifiez le support des OS majeurs (Windows, Mac, Linux, iOS, Android).<\/li>\n<li><strong>Robustesse<\/strong>\u00a0: Structure renforc\u00e9e, mat\u00e9riaux premium, r\u00e9sistance aux chocs et \u00e0 l\u2019humidit\u00e9.<\/li>\n<li><strong>R\u00e9tro\u00e9clairage<\/strong>\u00a0: Pratique pour travailler dans les lieux sombres.<\/li>\n<li><strong>Bruit des touches<\/strong>\u00a0: Important pour ne pas d\u00e9ranger autour de soi, notamment en coworking ou en r\u00e9union.<\/li>\n<\/ul>\n<p>En compl\u00e9ment, pensez \u00e0 \u00e9valuer la <u>performance de frappe<\/u>, la pr\u00e9sence de fonctions personnalisables, la facilit\u00e9 d\u2019entretien et la compacit\u00e9 du design (claviers TKL, sans pav\u00e9 num\u00e9rique, etc.). Un bon compromis entre toutes ces dimensions garantit une exp\u00e9rience fluide et productive, o\u00f9 que vous soyez.<\/p>\n<h2>Technologies de frappe\u00a0: membrane, m\u00e9canique ou hybride\u00a0?<\/h2>\n<p>Le <strong>type de technologie de frappe<\/strong> a un impact direct sur le <u>confort<\/u> et la performance. On distingue trois grandes familles\u00a0:<\/p>\n<ul>\n<li><strong>M\u00e9canique<\/strong>\u00a0: Pr\u00e9cision et r\u00e9activit\u00e9 incomparables. Les switches low-profile offrent une sensation premium dans des formats tr\u00e8s fins (cf. NuPhy Air75 V2, Keychron K3 Max). L\u00e9g\u00e8rement plus bruyant, mais parfait pour les saisies intensives.<\/li>\n<li><strong>Membrane (ou chiclet)<\/strong>\u00a0: Silencieux, l\u00e9ger, tr\u00e8s r\u00e9pandu dans les claviers ultra-compacts. Moins de retour tactile, mais souvent plus abordable et l\u00e9ger.<\/li>\n<li><strong>Hybride<\/strong>\u00a0: Combine la douceur des membranes avec le retour des m\u00e9caniques \u2013 bon compromis pour la mobilit\u00e9.<\/li>\n<\/ul>\n<p>Pour les <strong>nomades num\u00e9riques<\/strong>, le choix d\u00e9pendra de la pr\u00e9f\u00e9rence tactile, du <u>niveau de bruit<\/u> admis et du besoin en <u>robustesse<\/u>. Les switches m\u00e9caniques low-profile s\u2019imposent si vous souhaitez conjuguer compacit\u00e9 et plaisir de frappe, tandis que le chiclet reste id\u00e9al pour la bureautique silencieuse.<\/p>\n<h2>Logitech MX Keys Mini : efficacit\u00e9 et \u00e9l\u00e9gance au format compact<\/h2>\n<ul>\n<li><strong>Poids<\/strong>\u00a0: 506 g<\/li>\n<li><strong>\u00c9paisseur<\/strong>\u00a0: 2 cm<\/li>\n<li><strong>Autonomie<\/strong>\u00a0: Jusqu\u2019\u00e0 5 mois sans r\u00e9tro\u00e9clairage, 10 jours avec r\u00e9tro\u00e9clairage activ\u00e9<\/li>\n<li><strong>Connexion<\/strong>\u00a0: Bluetooth, dongle USB Logi Bolt, jusqu\u2019\u00e0 3 appareils simultan\u00e9s<\/li>\n<li><strong>Prix<\/strong>\u00a0: Environ 85 \u20ac<\/li>\n<\/ul>\n<p>Le <strong>Logitech MX Keys Mini<\/strong> s\u2019impose comme une r\u00e9f\u00e9rence des claviers compacts pour la mobilit\u00e9. Son format r\u00e9duit alli\u00e9 \u00e0 la qualit\u00e9 des touches concaves procure un excellent confort de frappe, tr\u00e8s proche de celui d\u2019un ordinateur portable haut de gamme. Nous appr\u00e9cions particuli\u00e8rement sa <u>connexion multipoint<\/u> tr\u00e8s fiable, son <u>r\u00e9tro\u00e9clairage intelligent<\/u> et son autonomie record hors r\u00e9tro\u00e9clairage. Le logiciel Logi Options+ permet d\u2019assigner des fonctions personnalis\u00e9es pour optimiser le flux de travail. Convient aux profils recherchant la polyvalence, la durabilit\u00e9 et un design sobre \u2013 parfait pour les consultants, t\u00e9l\u00e9travailleurs et cr\u00e9atifs en d\u00e9placement.<\/p>\n<p><strong>Avantages<\/strong> :<\/p>\n<ul>\n<li>Confort de frappe premium et silencieux<\/li>\n<li>Basculement rapide multi-appareils<\/li>\n<li>Recharge rapide USB-C<\/li>\n<li>Robustesse \u00e9prouv\u00e9e<\/li>\n<\/ul>\n<p><strong>Inconv\u00e9nients<\/strong> :<\/p>\n<ul>\n<li>Pav\u00e9 num\u00e9rique absent<\/li>\n<li>Inclinaison non r\u00e9glable<\/li>\n<li>Prix l\u00e9g\u00e8rement sup\u00e9rieur \u00e0 la moyenne<\/li>\n<\/ul>\n<h2>Keychron K3 Max : le m\u00e9canique ultra-fin pour les amateurs de sensations<\/h2>\n<ul>\n<li><strong>Poids<\/strong>\u00a0: 395 g<\/li>\n<li><strong>\u00c9paisseur<\/strong>\u00a0: 1,6 cm<\/li>\n<li><strong>Autonomie<\/strong>\u00a0: Jusqu\u2019\u00e0 2 mois<\/li>\n<li><strong>Connexion<\/strong>\u00a0: Bluetooth 5.1, USB-C, multiplateforme (Windows, Mac, Linux, Android, iOS)<\/li>\n<li><strong>Prix<\/strong>\u00a0: 99\u2013110 \u20ac selon configuration<\/li>\n<\/ul>\n<p>Le <strong>Keychron K3 Max<\/strong> propose une exp\u00e9rience <u>m\u00e9canique low-profile<\/u> dans un format ultra-fin et portable. Parfait pour ceux qui souhaitent un clavier m\u00e9canique r\u00e9actif sans sacrifier la mobilit\u00e9, il offre un tr\u00e8s bon retour tactile (switches hot-swap), un <u>r\u00e9tro\u00e9clairage RGB<\/u> personnalisable et une compatibilit\u00e9 totale multi-OS. Sa <strong>polyvalence<\/strong> s\u00e9duit autant les d\u00e9veloppeurs en vadrouille que les cr\u00e9atifs et gamers recherchant performance et nomadisme. On appr\u00e9cie son autonomie optimale et la possibilit\u00e9 d\u2019alterner wired\/wireless pour la flexibilit\u00e9.<\/p>\n<p><strong>Avantages<\/strong> :<\/p>\n<ul>\n<li>V\u00e9ritable m\u00e9canique low-profile<\/li>\n<li>Compatibilit\u00e9 multiplateforme \u00e9tendue<\/li>\n<li>Personnalisation des switches et du r\u00e9tro\u00e9clairage<\/li>\n<li>Ultra-compact et l\u00e9ger<\/li>\n<\/ul>\n<p><strong>Inconv\u00e9nients<\/strong> :<\/p>\n<ul>\n<li>Bruit plus marqu\u00e9 que sur les membranes<\/li>\n<li>Autonomie variable selon usage et r\u00e9tro\u00e9clairage<\/li>\n<li>Prix plus \u00e9lev\u00e9 que les mod\u00e8les membrane<\/li>\n<\/ul>\n<h2>Outils alternatifs : mod\u00e8les ergonomiques et atypiques adapt\u00e9s au nomadisme<\/h2>\n<p>Certains utilisateurs privil\u00e9gient des formats encore plus sp\u00e9cifiques pour r\u00e9pondre \u00e0 leurs besoins de confort ou de modularit\u00e9 : <u>claviers pliables<\/u>, <strong>ergonomiques<\/strong>, ou v\u00e9ritables <strong>multi-dispositifs<\/strong> compacts. Les claviers pliables en silicone se glissent dans une poche et d\u00e9ploient un format standard en un clin d\u2019\u0153il. D\u2019autres misent sur des mod\u00e8les avec <u>repose-poignet<\/u> int\u00e9gr\u00e9, ou des versions <strong>TKL (TenKeyLess)<\/strong> coupant le pav\u00e9 num\u00e9rique pour plus de compacit\u00e9. Ces outils ciblent aussi bien les adeptes de voyages fr\u00e9quents que les personnes ayant des probl\u00e9matiques de sant\u00e9 (tendinites, postures sp\u00e9cifiques). Pour explorer ce segment, consultez notre <a href=\"https:\/\/clavier-express.com\/\" target=\"_blank\" rel=\"noopener\">S\u00e9lection de claviers ultra-fins pour nomades<\/a> r\u00e9guli\u00e8rement mise \u00e0 jour.<\/p>\n<ul>\n<li><strong>Claviers pliables Bluetooth<\/strong> : extr\u00eame compacit\u00e9, autonomie mod\u00e9r\u00e9e<\/li>\n<li><strong>Mod\u00e8les ergonomiques split<\/strong> : confort postural optimis\u00e9<\/li>\n<li><strong>Mini-claviers \u00e0 pav\u00e9 tactile int\u00e9gr\u00e9<\/strong> : solution tout-en-un, id\u00e9ale pour tablette ou m\u00e9dia center<\/li>\n<\/ul>\n<h2>\u00c9cosyst\u00e8me et connectivit\u00e9 : bien travailler avec plusieurs appareils<\/h2>\n<p>Le <u>travail multi-appareils<\/u> est devenu la norme. L\u2019id\u00e9al ? Un <strong>clavier sans fil<\/strong> capable de se connecter, souvent via Bluetooth, \u00e0 trois appareils ou plus et de basculer instantan\u00e9ment gr\u00e2ce \u00e0 un bouton d\u00e9di\u00e9 (fonction \u00ab Easy-Switch \u00bb chez Logitech ou \u00e9quivalent). La <u>connectivit\u00e9 multi-appareils<\/u> devient d\u00e9cisive pour qui doit jongler entre <strong>ordinateur portable<\/strong>, <strong>tablette<\/strong> et <strong>smartphone<\/strong> durant la m\u00eame journ\u00e9e.<\/p>\n<ul>\n<li>Connexion simultan\u00e9e \u00e0 plusieurs devices (<strong>3+ appareils<\/strong>)<\/li>\n<li>Compatibilit\u00e9 multi-OS (<strong>Windows, Mac, Linux, iOS, Android<\/strong>)<\/li>\n<li>Prise en charge des <strong>raccourcis sp\u00e9cifiques<\/strong> \u00e0 chaque OS<\/li>\n<li>Reconnexion automatique et stable<\/li>\n<\/ul>\n<p>Les meilleurs claviers ultra-fins du march\u00e9 mettent l\u2019accent sur la fiabilit\u00e9 des liaisons sans fil, la faible latence et la reconnaissance intelligente des appareils. Ce sont des atouts ind\u00e9niables pour fluidifier les sessions de travail en mobilit\u00e9.<\/p>\n<h2>Robustesse et autonomie : les crit\u00e8res cach\u00e9s qui font la diff\u00e9rence<\/h2>\n<p>Au-del\u00e0 du design, <strong>robustesse<\/strong> et <strong>autonomie de clavier<\/strong> sont gages de tranquillit\u00e9 pour tout <strong>nomade num\u00e9rique<\/strong>. Un bon clavier doit r\u00e9sister aux chutes, aux frottements et aux manipulations r\u00e9p\u00e9t\u00e9es. V\u00e9rifiez la pr\u00e9sence d\u2019un ch\u00e2ssis renforc\u00e9 (aluminium, ABS haute densit\u00e9), de patins antid\u00e9rapants et d\u2019une conception anti-\u00e9claboussures.<\/p>\n<ul>\n<li><strong>Autonomie<\/strong>\u00a0: Minimum 1 mois recommand\u00e9 hors r\u00e9tro\u00e9clairage.<\/li>\n<li><strong>Recharge USB-C<\/strong>\u00a0: Pr\u00e9f\u00e9rence pour une recharge rapide et universelle.<\/li>\n<li><strong>R\u00e9sistance physique<\/strong>\u00a0: Mat\u00e9riaux premium, assemblage de qualit\u00e9.<\/li>\n<li><strong>Facilit\u00e9 d\u2019entretien<\/strong>\u00a0: Touches amovibles, surface lessivable.<\/li>\n<\/ul>\n<p>Les mod\u00e8les phares du march\u00e9 comme le Logitech MX Keys Mini, le Keychron K3 Max ou le NuPhy Air75 V2 se d\u00e9marquent par leur solidit\u00e9 et leur grande autonomie. Un crit\u00e8re essentiel pour \u00e9viter les mauvaises surprises dans un contexte de mobilit\u00e9 intensive.<\/p>\n<h2>Budget\u00a0: les meilleures r\u00e9f\u00e9rences abordables sans compromis sur la qualit\u00e9<\/h2>\n<p>S\u2019\u00e9quiper d\u2019un <u>clavier ultra-fin<\/u> et performant ne n\u00e9cessite pas toujours un investissement cons\u00e9quent. Des r\u00e9f\u00e9rences comme le <strong>Logitech K380<\/strong> ou le <strong>Keychron K2<\/strong> (version low-profile) offrent un <strong>rapproch\u00e9 qualit\u00e9\/prix<\/strong> imbattable, avec une autonomie parfois sup\u00e9rieure \u00e0 des mod\u00e8les plus chers, et une compatibilit\u00e9 \u00e9tendue. Pour les budgets serr\u00e9s, privil\u00e9giez les mod\u00e8les \u00e0 membrane ou les mini-claviers sans fil \u2013 compacts, silencieux, endurants.<\/p>\n<ul>\n<li><strong>Logitech K380<\/strong>\u00a0: Compact, multi-appareils, autonomie d\u00e9passant 6 mois.<\/li>\n<li><strong>Keychron K2 LP<\/strong>\u00a0: M\u00e9canique low-profile, excellente frappe, prix contenu.<\/li>\n<li><strong>Cherry Stream<\/strong>\u00a0: Simplicit\u00e9, fiabilit\u00e9, usage bureautique sans fioritures.<\/li>\n<\/ul>\n<p>En surveillant les promotions ou les s\u00e9ries pr\u00e9c\u00e9dentes, il est possible de s\u2019\u00e9quiper efficacement sans compromis sur la <strong>durabilit\u00e9<\/strong> ni la <strong>performance de frappe<\/strong>.<\/p>\n<h2>Tableau comparatif\u00a0: synth\u00e8se des 10 mod\u00e8les phares du moment<\/h2>\n<table border=\"1\" cellspacing=\"0\" cellpadding=\"4\">\n<tbody>\n<tr>\n<th>Mod\u00e8le<\/th>\n<th>Poids<\/th>\n<th>\u00c9paisseur<\/th>\n<th>Autonomie<\/th>\n<th>Connexion<\/th>\n<th>Prix<\/th>\n<th>Points forts<\/th>\n<\/tr>\n<tr>\n<td><strong>Logitech MX Keys Mini<\/strong><\/td>\n<td>506 g<\/td>\n<td>2 cm<\/td>\n<td>5 mois<\/td>\n<td>BT \/ USB<\/td>\n<td>85 \u20ac<\/td>\n<td>Confort, fiabilit\u00e9, multipoint, autonomie<\/td>\n<\/tr>\n<tr>\n<td><strong>Keychron K3 Max<\/strong><\/td>\n<td>395 g<\/td>\n<td>1,6 cm<\/td>\n<td>2 mois<\/td>\n<td>BT \/ USB-C<\/td>\n<td>99\u2013110 \u20ac<\/td>\n<td>M\u00e9canique, polyvalence, RGB, compact<\/td>\n<\/tr>\n<tr>\n<td><strong>NuPhy Air75 V2<\/strong><\/td>\n<td>523 g<\/td>\n<td>1,6 cm<\/td>\n<td>4 semaines<\/td>\n<td>BT \/ 2.4G \/ USB<\/td>\n<td>115 \u20ac<\/td>\n<td>Ultra-fin, m\u00e9canique, design premium<\/td>\n<\/tr>\n<tr>\n<td><strong>Logitech K380<\/strong><\/td>\n<td>420 g<\/td>\n<td>1,6 cm<\/td>\n<td>6 mois<\/td>\n<td>BT<\/td>\n<td>45 \u20ac<\/td>\n<td>Abordable, multi-appareils, silencieux<\/td>\n<\/tr>\n<tr>\n<td><strong>Keychron K2 LP<\/strong><\/td>\n<td>530 g<\/td>\n<td>2 cm<\/td>\n<td>2 mois<\/td>\n<td>BT \/ USB-C<\/td>\n<td>85 \u20ac<\/td>\n<td>M\u00e9canique, autonomie, rapport qualit\u00e9-prix<\/td>\n<\/tr>\n<tr>\n<td><strong>Cherry Stream Compact<\/strong><\/td>\n<td>420 g<\/td>\n<td>1,9 cm<\/td>\n<td>NA<\/td>\n<td>USB<\/td>\n<td>35 \u20ac<\/td>\n<td>Simplicit\u00e9, robustesse, bureautique<\/td>\n<\/tr>\n<tr>\n<td><strong>Kensington Multi-Device Foldable<\/strong><\/td>\n<td>180 g<\/td>\n<td>0,8 cm (pli\u00e9)<\/td>\n<td>3 semaines<\/td>\n<td>BT<\/td>\n<td>56 \u20ac<\/td>\n<td>Pliable, ultra-portable, multi-OS<\/td>\n<\/tr>\n<tr>\n<td><strong>Microsoft Designer Compact<\/strong><\/td>\n<td>288 g<\/td>\n<td>0,7 cm<\/td>\n<td>4 mois<\/td>\n<td>BT<\/td>\n<td>65 \u20ac<\/td>\n<td>Design, l\u00e9g\u00e8ret\u00e9, autonomie<\/td>\n<\/tr>\n<tr>\n<td><strong>Logitech K400 Plus<\/strong><\/td>\n<td>390 g<\/td>\n<td>1,8 cm<\/td>\n<td>6 mois<\/td>\n<td>BT \/ RF<\/td>\n<td>45 \u20ac<\/td>\n<td>Pav\u00e9 tactile int\u00e9gr\u00e9, nomade<\/td>\n<\/tr>\n<tr>\n<td><strong>Arteck HB030B<\/strong><\/td>\n<td>200 g<\/td>\n<td>0,6 cm<\/td>\n<td>6 semaines<\/td>\n<td>BT<\/td>\n<td>24 \u20ac<\/td>\n<td>Prix mini, r\u00e9tro\u00e9clair\u00e9, ultra-compact<\/td>\n<\/tr>\n<\/tbody>\n<\/table>\n<h2>Conclusion<\/h2>\n<p>Pour les <strong>nomades num\u00e9riques<\/strong>, le choix d\u2019un <strong>clavier ultra-fin<\/strong> et <strong>l\u00e9ger<\/strong> r\u00e9pond \u00e0 un double enjeu\u00a0: optimiser la mobilit\u00e9 tout en maintenant un <u>confort<\/u> et une <u>productivit\u00e9<\/u> \u00e9lev\u00e9s. Que vous soyez consultant, cr\u00e9atif, d\u00e9veloppeur ou \u00e9tudiant itin\u00e9rant, chaque profil trouvera dans ce <u>top 10 claviers<\/u> une solution adapt\u00e9e \u00e0 ses priorit\u00e9s\u00a0: robustesse, connectivit\u00e9, silence, autonomie ou performance pure.<\/p>\n<p>N\u2019h\u00e9sitez pas \u00e0 consulter la <a href=\"https:\/\/clavier-express.com\/\" target=\"_blank\" rel=\"noopener\">S\u00e9lection de claviers ultra-fins pour nomades<\/a> pour d\u00e9couvrir encore plus d\u2019options test\u00e9es et valid\u00e9es pour la mobilit\u00e9. Gardez \u00e0 l\u2019esprit que le meilleur clavier pour votre usage est celui qui saura accompagner sans faille vos journ\u00e9es mouvantes, sans jamais constituer un frein \u00e0 votre cr\u00e9ativit\u00e9 ou votre efficacit\u00e9.<\/p>\n","protected":false},"excerpt":{"rendered":"","protected":false},"author":34,"featured_media":7523,"comment_status":"open","ping_status":"open","sticky":false,"template":"","format":"standard","meta":{"_acf_changed":false,"manual_indexmenow":false,"indexmenow_id_project":0,"footnotes":""},"categories":[1],"tags":[],"class_list":["post-7521","post","type-post","status-publish","format-standard","has-post-thumbnail","hentry","category-a-la-une","generate-columns","tablet-grid-50","mobile-grid-100","grid-parent","grid-25"],"acf":[],"yoast_head":"<!-- This site is optimized with the Yoast SEO Premium plugin v21.3 (Yoast SEO v25.6) - https:\/\/yoast.com\/wordpress\/plugins\/seo\/ -->\n<title>Top 10 des claviers ultra-fins et l\u00e9gers pour nomades<\/title>\n<meta name=\"description\" content=\"Dans ce guide, nous vous proposons une s\u00e9lection objective et orient\u00e9e usage des mod\u00e8les les plus performants du march\u00e9 pour les nomades num\u00e9riques\" \/>\n<meta name=\"robots\" content=\"index, follow, max-snippet:-1, max-image-preview:large, max-video-preview:-1\" \/>\n<link rel=\"canonical\" href=\"https:\/\/la-redactrice-web.fr\/blog\/a-la-une\/top-10-des-claviers-ultra-fins-et-legers-pour-nomades-numeriques\/\" \/>\n<meta property=\"og:locale\" content=\"fr_FR\" \/>\n<meta property=\"og:type\" content=\"article\" \/>\n<meta property=\"og:title\" content=\"Top 10 des claviers ultra-fins et l\u00e9gers pour nomades\" \/>\n<meta property=\"og:description\" content=\"Dans ce guide, nous vous proposons une s\u00e9lection objective et orient\u00e9e usage des mod\u00e8les les plus performants du march\u00e9 pour les nomades num\u00e9riques\" \/>\n<meta property=\"og:url\" content=\"https:\/\/la-redactrice-web.fr\/blog\/a-la-une\/top-10-des-claviers-ultra-fins-et-legers-pour-nomades-numeriques\/\" \/>\n<meta property=\"og:site_name\" content=\"la-redactrice-web\" \/>\n<meta property=\"og:image\" content=\"https:\/\/la-redactrice-web.fr\/blog\/wp-content\/uploads\/2025\/07\/sdxl-2e0e6ab863ccdb9493574331dd9c27c2-scaled.png\" \/>\n\t<meta property=\"og:image:width\" content=\"1200\" \/>\n\t<meta property=\"og:image:height\" content=\"500\" \/>\n\t<meta property=\"og:image:type\" content=\"image\/png\" \/>\n<meta name=\"author\" content=\"Th\u00e9o Rouvier\" \/>\n<meta name=\"twitter:card\" content=\"summary_large_image\" \/>\n<script type=\"application\/ld+json\" class=\"yoast-schema-graph\">{\"@context\":\"https:\/\/schema.org\",\"@graph\":[{\"@type\":\"NewsArticle\",\"@id\":\"https:\/\/la-redactrice-web.fr\/blog\/a-la-une\/top-10-des-claviers-ultra-fins-et-legers-pour-nomades-numeriques\/#article\",\"isPartOf\":{\"@id\":\"https:\/\/la-redactrice-web.fr\/blog\/a-la-une\/top-10-des-claviers-ultra-fins-et-legers-pour-nomades-numeriques\/\"},\"author\":{\"name\":\"Th\u00e9o Rouvier\",\"@id\":\"https:\/\/la-redactrice-web.fr\/blog\/#\/schema\/person\/3c864cdc320801e3db34b663e7e3f816\"},\"headline\":\"Top 10 des claviers ultra-fins et l\u00e9gers pour nomades num\u00e9riques\",\"datePublished\":\"2025-06-26T08:44:39+00:00\",\"mainEntityOfPage\":{\"@id\":\"https:\/\/la-redactrice-web.fr\/blog\/a-la-une\/top-10-des-claviers-ultra-fins-et-legers-pour-nomades-numeriques\/\"},\"wordCount\":1830,\"commentCount\":0,\"publisher\":{\"@id\":\"https:\/\/la-redactrice-web.fr\/blog\/#organization\"},\"image\":{\"@id\":\"https:\/\/la-redactrice-web.fr\/blog\/a-la-une\/top-10-des-claviers-ultra-fins-et-legers-pour-nomades-numeriques\/#primaryimage\"},\"thumbnailUrl\":\"https:\/\/la-redactrice-web.fr\/blog\/wp-content\/uploads\/2025\/07\/sdxl-2e0e6ab863ccdb9493574331dd9c27c2-scaled.png\",\"articleSection\":[\"\u00c0 la une\"],\"inLanguage\":\"fr-FR\",\"potentialAction\":[{\"@type\":\"CommentAction\",\"name\":\"Comment\",\"target\":[\"https:\/\/la-redactrice-web.fr\/blog\/a-la-une\/top-10-des-claviers-ultra-fins-et-legers-pour-nomades-numeriques\/#respond\"]}]},{\"@type\":\"WebPage\",\"@id\":\"https:\/\/la-redactrice-web.fr\/blog\/a-la-une\/top-10-des-claviers-ultra-fins-et-legers-pour-nomades-numeriques\/\",\"url\":\"https:\/\/la-redactrice-web.fr\/blog\/a-la-une\/top-10-des-claviers-ultra-fins-et-legers-pour-nomades-numeriques\/\",\"name\":\"Top 10 des claviers ultra-fins et l\u00e9gers pour nomades\",\"isPartOf\":{\"@id\":\"https:\/\/la-redactrice-web.fr\/blog\/#website\"},\"primaryImageOfPage\":{\"@id\":\"https:\/\/la-redactrice-web.fr\/blog\/a-la-une\/top-10-des-claviers-ultra-fins-et-legers-pour-nomades-numeriques\/#primaryimage\"},\"image\":{\"@id\":\"https:\/\/la-redactrice-web.fr\/blog\/a-la-une\/top-10-des-claviers-ultra-fins-et-legers-pour-nomades-numeriques\/#primaryimage\"},\"thumbnailUrl\":\"https:\/\/la-redactrice-web.fr\/blog\/wp-content\/uploads\/2025\/07\/sdxl-2e0e6ab863ccdb9493574331dd9c27c2-scaled.png\",\"datePublished\":\"2025-06-26T08:44:39+00:00\",\"description\":\"Dans ce guide, nous vous proposons une s\u00e9lection objective et orient\u00e9e usage des mod\u00e8les les plus performants du march\u00e9 pour les nomades num\u00e9riques\",\"inLanguage\":\"fr-FR\",\"potentialAction\":[{\"@type\":\"ReadAction\",\"target\":[\"https:\/\/la-redactrice-web.fr\/blog\/a-la-une\/top-10-des-claviers-ultra-fins-et-legers-pour-nomades-numeriques\/\"]}]},{\"@type\":\"ImageObject\",\"inLanguage\":\"fr-FR\",\"@id\":\"https:\/\/la-redactrice-web.fr\/blog\/a-la-une\/top-10-des-claviers-ultra-fins-et-legers-pour-nomades-numeriques\/#primaryimage\",\"url\":\"https:\/\/la-redactrice-web.fr\/blog\/wp-content\/uploads\/2025\/07\/sdxl-2e0e6ab863ccdb9493574331dd9c27c2-scaled.png\",\"contentUrl\":\"https:\/\/la-redactrice-web.fr\/blog\/wp-content\/uploads\/2025\/07\/sdxl-2e0e6ab863ccdb9493574331dd9c27c2-scaled.png\",\"width\":1200,\"height\":500},{\"@type\":\"WebSite\",\"@id\":\"https:\/\/la-redactrice-web.fr\/blog\/#website\",\"url\":\"https:\/\/la-redactrice-web.fr\/blog\/\",\"name\":\"La R\u00e9dactrice Web\",\"description\":\"La R\u00e9dactrice Web, vos mots qui r\u00e9sonnent\",\"publisher\":{\"@id\":\"https:\/\/la-redactrice-web.fr\/blog\/#organization\"},\"alternateName\":\"La R\u00e9dactrice Web, vos mots qui r\u00e9sonnent\",\"potentialAction\":[{\"@type\":\"SearchAction\",\"target\":{\"@type\":\"EntryPoint\",\"urlTemplate\":\"https:\/\/la-redactrice-web.fr\/blog\/?s={search_term_string}\"},\"query-input\":{\"@type\":\"PropertyValueSpecification\",\"valueRequired\":true,\"valueName\":\"search_term_string\"}}],\"inLanguage\":\"fr-FR\"},{\"@type\":\"Organization\",\"@id\":\"https:\/\/la-redactrice-web.fr\/blog\/#organization\",\"name\":\"La R\u00e9dactrice Web\",\"alternateName\":\"La R\u00e9dactrice Web\",\"url\":\"https:\/\/la-redactrice-web.fr\/blog\/\",\"logo\":{\"@type\":\"ImageObject\",\"inLanguage\":\"fr-FR\",\"@id\":\"https:\/\/la-redactrice-web.fr\/blog\/#\/schema\/logo\/image\/\",\"url\":\"https:\/\/la-redactrice-web.fr\/blog\/wp-content\/uploads\/2024\/12\/31.png\",\"contentUrl\":\"https:\/\/la-redactrice-web.fr\/blog\/wp-content\/uploads\/2024\/12\/31.png\",\"width\":500,\"height\":500,\"caption\":\"La R\u00e9dactrice Web\"},\"image\":{\"@id\":\"https:\/\/la-redactrice-web.fr\/blog\/#\/schema\/logo\/image\/\"}},{\"@type\":\"Person\",\"@id\":\"https:\/\/la-redactrice-web.fr\/blog\/#\/schema\/person\/3c864cdc320801e3db34b663e7e3f816\",\"name\":\"Th\u00e9o Rouvier\",\"image\":{\"@type\":\"ImageObject\",\"inLanguage\":\"fr-FR\",\"@id\":\"https:\/\/la-redactrice-web.fr\/blog\/#\/schema\/person\/image\/\",\"url\":\"https:\/\/la-redactrice-web.fr\/blog\/wp-content\/uploads\/2026\/06\/persona_theo-r-96x96.jpg\",\"contentUrl\":\"https:\/\/la-redactrice-web.fr\/blog\/wp-content\/uploads\/2026\/06\/persona_theo-r-96x96.jpg\",\"caption\":\"Th\u00e9o Rouvier\"},\"description\":\"Le web et la communication sont mon m\u00e9tier depuis une dizaine d'ann\u00e9es, entre r\u00e9daction, strat\u00e9gie de contenu et accompagnement de projets en ligne. J'\u00e9cris sur la cr\u00e9ation de site, le marketing digital, l'image de marque et le m\u00e9tier de r\u00e9dacteur web, avec l'envie de rendre ces sujets concrets pour les ind\u00e9pendants et les petites entreprises. J'aime expliquer comment se construit une pr\u00e9sence en ligne cr\u00e9dible, du choix des mots \u00e0 la coh\u00e9rence visuelle, sans recourir au jargon d'agence. Avant de recommander une m\u00e9thode ou un outil, je l'\u00e9prouve sur le terrain et je distingue ce qui marche vraiment des promesses \u00e0 la mode. Je me m\u00e9fie des recettes miracles en marketing, car aucune ne dispense de travail et de r\u00e9gularit\u00e9. Mon angle : donner des rep\u00e8res solides pour communiquer juste et b\u00e2tir une marque qui dure, \u00e0 hauteur de budgets r\u00e9els et d'\u00e9quipes r\u00e9duites.\",\"sameAs\":[\"https:\/\/theorouvier.fr\/\"],\"url\":\"https:\/\/la-redactrice-web.fr\/blog\/auteur\/noname\/\"}]}<\/script>\n<!-- \/ Yoast SEO Premium plugin. -->","yoast_head_json":{"title":"Top 10 des claviers ultra-fins et l\u00e9gers pour nomades","description":"Dans ce guide, nous vous proposons une s\u00e9lection objective et orient\u00e9e usage des mod\u00e8les les plus performants du march\u00e9 pour les nomades num\u00e9riques","robots":{"index":"index","follow":"follow","max-snippet":"max-snippet:-1","max-image-preview":"max-image-preview:large","max-video-preview":"max-video-preview:-1"},"canonical":"https:\/\/la-redactrice-web.fr\/blog\/a-la-une\/top-10-des-claviers-ultra-fins-et-legers-pour-nomades-numeriques\/","og_locale":"fr_FR","og_type":"article","og_title":"Top 10 des claviers ultra-fins et l\u00e9gers pour nomades","og_description":"Dans ce guide, nous vous proposons une s\u00e9lection objective et orient\u00e9e usage des mod\u00e8les les plus performants du march\u00e9 pour les nomades num\u00e9riques","og_url":"https:\/\/la-redactrice-web.fr\/blog\/a-la-une\/top-10-des-claviers-ultra-fins-et-legers-pour-nomades-numeriques\/","og_site_name":"la-redactrice-web","og_image":[{"width":1200,"height":500,"url":"https:\/\/la-redactrice-web.fr\/blog\/wp-content\/uploads\/2025\/07\/sdxl-2e0e6ab863ccdb9493574331dd9c27c2-scaled.png","type":"image\/png"}],"author":"Th\u00e9o Rouvier","twitter_card":"summary_large_image","schema":{"@context":"https:\/\/schema.org","@graph":[{"@type":"NewsArticle","@id":"https:\/\/la-redactrice-web.fr\/blog\/a-la-une\/top-10-des-claviers-ultra-fins-et-legers-pour-nomades-numeriques\/#article","isPartOf":{"@id":"https:\/\/la-redactrice-web.fr\/blog\/a-la-une\/top-10-des-claviers-ultra-fins-et-legers-pour-nomades-numeriques\/"},"author":{"name":"Th\u00e9o Rouvier","@id":"https:\/\/la-redactrice-web.fr\/blog\/#\/schema\/person\/3c864cdc320801e3db34b663e7e3f816"},"headline":"Top 10 des claviers ultra-fins et l\u00e9gers pour nomades num\u00e9riques","datePublished":"2025-06-26T08:44:39+00:00","mainEntityOfPage":{"@id":"https:\/\/la-redactrice-web.fr\/blog\/a-la-une\/top-10-des-claviers-ultra-fins-et-legers-pour-nomades-numeriques\/"},"wordCount":1830,"commentCount":0,"publisher":{"@id":"https:\/\/la-redactrice-web.fr\/blog\/#organization"},"image":{"@id":"https:\/\/la-redactrice-web.fr\/blog\/a-la-une\/top-10-des-claviers-ultra-fins-et-legers-pour-nomades-numeriques\/#primaryimage"},"thumbnailUrl":"https:\/\/la-redactrice-web.fr\/blog\/wp-content\/uploads\/2025\/07\/sdxl-2e0e6ab863ccdb9493574331dd9c27c2-scaled.png","articleSection":["\u00c0 la une"],"inLanguage":"fr-FR","potentialAction":[{"@type":"CommentAction","name":"Comment","target":["https:\/\/la-redactrice-web.fr\/blog\/a-la-une\/top-10-des-claviers-ultra-fins-et-legers-pour-nomades-numeriques\/#respond"]}]},{"@type":"WebPage","@id":"https:\/\/la-redactrice-web.fr\/blog\/a-la-une\/top-10-des-claviers-ultra-fins-et-legers-pour-nomades-numeriques\/","url":"https:\/\/la-redactrice-web.fr\/blog\/a-la-une\/top-10-des-claviers-ultra-fins-et-legers-pour-nomades-numeriques\/","name":"Top 10 des claviers ultra-fins et l\u00e9gers pour nomades","isPartOf":{"@id":"https:\/\/la-redactrice-web.fr\/blog\/#website"},"primaryImageOfPage":{"@id":"https:\/\/la-redactrice-web.fr\/blog\/a-la-une\/top-10-des-claviers-ultra-fins-et-legers-pour-nomades-numeriques\/#primaryimage"},"image":{"@id":"https:\/\/la-redactrice-web.fr\/blog\/a-la-une\/top-10-des-claviers-ultra-fins-et-legers-pour-nomades-numeriques\/#primaryimage"},"thumbnailUrl":"https:\/\/la-redactrice-web.fr\/blog\/wp-content\/uploads\/2025\/07\/sdxl-2e0e6ab863ccdb9493574331dd9c27c2-scaled.png","datePublished":"2025-06-26T08:44:39+00:00","description":"Dans ce guide, nous vous proposons une s\u00e9lection objective et orient\u00e9e usage des mod\u00e8les les plus performants du march\u00e9 pour les nomades num\u00e9riques","inLanguage":"fr-FR","potentialAction":[{"@type":"ReadAction","target":["https:\/\/la-redactrice-web.fr\/blog\/a-la-une\/top-10-des-claviers-ultra-fins-et-legers-pour-nomades-numeriques\/"]}]},{"@type":"ImageObject","inLanguage":"fr-FR","@id":"https:\/\/la-redactrice-web.fr\/blog\/a-la-une\/top-10-des-claviers-ultra-fins-et-legers-pour-nomades-numeriques\/#primaryimage","url":"https:\/\/la-redactrice-web.fr\/blog\/wp-content\/uploads\/2025\/07\/sdxl-2e0e6ab863ccdb9493574331dd9c27c2-scaled.png","contentUrl":"https:\/\/la-redactrice-web.fr\/blog\/wp-content\/uploads\/2025\/07\/sdxl-2e0e6ab863ccdb9493574331dd9c27c2-scaled.png","width":1200,"height":500},{"@type":"WebSite","@id":"https:\/\/la-redactrice-web.fr\/blog\/#website","url":"https:\/\/la-redactrice-web.fr\/blog\/","name":"La R\u00e9dactrice Web","description":"La R\u00e9dactrice Web, vos mots qui r\u00e9sonnent","publisher":{"@id":"https:\/\/la-redactrice-web.fr\/blog\/#organization"},"alternateName":"La R\u00e9dactrice Web, vos mots qui r\u00e9sonnent","potentialAction":[{"@type":"SearchAction","target":{"@type":"EntryPoint","urlTemplate":"https:\/\/la-redactrice-web.fr\/blog\/?s={search_term_string}"},"query-input":{"@type":"PropertyValueSpecification","valueRequired":true,"valueName":"search_term_string"}}],"inLanguage":"fr-FR"},{"@type":"Organization","@id":"https:\/\/la-redactrice-web.fr\/blog\/#organization","name":"La R\u00e9dactrice Web","alternateName":"La R\u00e9dactrice Web","url":"https:\/\/la-redactrice-web.fr\/blog\/","logo":{"@type":"ImageObject","inLanguage":"fr-FR","@id":"https:\/\/la-redactrice-web.fr\/blog\/#\/schema\/logo\/image\/","url":"https:\/\/la-redactrice-web.fr\/blog\/wp-content\/uploads\/2024\/12\/31.png","contentUrl":"https:\/\/la-redactrice-web.fr\/blog\/wp-content\/uploads\/2024\/12\/31.png","width":500,"height":500,"caption":"La R\u00e9dactrice Web"},"image":{"@id":"https:\/\/la-redactrice-web.fr\/blog\/#\/schema\/logo\/image\/"}},{"@type":"Person","@id":"https:\/\/la-redactrice-web.fr\/blog\/#\/schema\/person\/3c864cdc320801e3db34b663e7e3f816","name":"Th\u00e9o Rouvier","image":{"@type":"ImageObject","inLanguage":"fr-FR","@id":"https:\/\/la-redactrice-web.fr\/blog\/#\/schema\/person\/image\/","url":"https:\/\/la-redactrice-web.fr\/blog\/wp-content\/uploads\/2026\/06\/persona_theo-r-96x96.jpg","contentUrl":"https:\/\/la-redactrice-web.fr\/blog\/wp-content\/uploads\/2026\/06\/persona_theo-r-96x96.jpg","caption":"Th\u00e9o Rouvier"},"description":"Le web et la communication sont mon m\u00e9tier depuis une dizaine d'ann\u00e9es, entre r\u00e9daction, strat\u00e9gie de contenu et accompagnement de projets en ligne. J'\u00e9cris sur la cr\u00e9ation de site, le marketing digital, l'image de marque et le m\u00e9tier de r\u00e9dacteur web, avec l'envie de rendre ces sujets concrets pour les ind\u00e9pendants et les petites entreprises. J'aime expliquer comment se construit une pr\u00e9sence en ligne cr\u00e9dible, du choix des mots \u00e0 la coh\u00e9rence visuelle, sans recourir au jargon d'agence. Avant de recommander une m\u00e9thode ou un outil, je l'\u00e9prouve sur le terrain et je distingue ce qui marche vraiment des promesses \u00e0 la mode. Je me m\u00e9fie des recettes miracles en marketing, car aucune ne dispense de travail et de r\u00e9gularit\u00e9. Mon angle : donner des rep\u00e8res solides pour communiquer juste et b\u00e2tir une marque qui dure, \u00e0 hauteur de budgets r\u00e9els et d'\u00e9quipes r\u00e9duites.","sameAs":["https:\/\/theorouvier.fr\/"],"url":"https:\/\/la-redactrice-web.fr\/blog\/auteur\/noname\/"}]}},"_links":{"self":[{"href":"https:\/\/la-redactrice-web.fr\/blog\/wp-json\/wp\/v2\/posts\/7521","targetHints":{"allow":["GET"]}}],"collection":[{"href":"https:\/\/la-redactrice-web.fr\/blog\/wp-json\/wp\/v2\/posts"}],"about":[{"href":"https:\/\/la-redactrice-web.fr\/blog\/wp-json\/wp\/v2\/types\/post"}],"author":[{"embeddable":true,"href":"https:\/\/la-redactrice-web.fr\/blog\/wp-json\/wp\/v2\/users\/34"}],"replies":[{"embeddable":true,"href":"https:\/\/la-redactrice-web.fr\/blog\/wp-json\/wp\/v2\/comments?post=7521"}],"version-history":[{"count":1,"href":"https:\/\/la-redactrice-web.fr\/blog\/wp-json\/wp\/v2\/posts\/7521\/revisions"}],"predecessor-version":[{"id":7522,"href":"https:\/\/la-redactrice-web.fr\/blog\/wp-json\/wp\/v2\/posts\/7521\/revisions\/7522"}],"wp:featuredmedia":[{"embeddable":true,"href":"https:\/\/la-redactrice-web.fr\/blog\/wp-json\/wp\/v2\/media\/7523"}],"wp:attachment":[{"href":"https:\/\/la-redactrice-web.fr\/blog\/wp-json\/wp\/v2\/media?parent=7521"}],"wp:term":[{"taxonomy":"category","embeddable":true,"href":"https:\/\/la-redactrice-web.fr\/blog\/wp-json\/wp\/v2\/categories?post=7521"},{"taxonomy":"post_tag","embeddable":true,"href":"https:\/\/la-redactrice-web.fr\/blog\/wp-json\/wp\/v2\/tags?post=7521"}],"curies":[{"name":"wp","href":"https:\/\/api.w.org\/{rel}","templated":true}]}}