{"id":7602,"date":"2025-09-15T09:41:00","date_gmt":"2025-09-15T07:41:00","guid":{"rendered":"https:\/\/la-redactrice-web.fr\/blog\/?p=7602"},"modified":"2025-09-15T09:41:00","modified_gmt":"2025-09-15T07:41:00","slug":"palette-de-vert-comment-choisir-la-nuance-ideale-pour-evoquer-croissance-et-serenite","status":"publish","type":"post","link":"https:\/\/la-redactrice-web.fr\/blog\/redaction-web\/palette-de-vert-comment-choisir-la-nuance-ideale-pour-evoquer-croissance-et-serenite\/","title":{"rendered":"Palette de vert : comment choisir la nuance id\u00e9ale pour \u00e9voquer croissance et s\u00e9r\u00e9nit\u00e9"},"content":{"rendered":"<h1>Palette Couleur Vert : Guide Complet pour Choisir les Meilleures Nuances<\/h1>\n<h2>Comprendre la Psychologie de la Couleur Verte<\/h2>\n<p>Le vert \u00e9voque la <strong>croissance<\/strong>, la <strong>r\u00e9g\u00e9n\u00e9ration<\/strong>, la <strong>s\u00e9curit\u00e9<\/strong> et la <strong>prosp\u00e9rit\u00e9<\/strong>, des associations largement utilis\u00e9es en branding pour sugg\u00e9rer <u>bien-\u00eatre<\/u>, <u>durabilit\u00e9<\/u> et <u>stabilit\u00e9<\/u>[2]. Les teintes bleut\u00e9es telles que le <strong>aqua<\/strong> et la <strong>sarcele<\/strong> (<strong>teal<\/strong>) induisent un calme chic, tandis que les verts plus satur\u00e9s stimulent l\u2019attention et renforcent les messages d\u2019action, une logique qui s\u2019appuie sur l\u2019id\u00e9e de  feu vert ? et d\u2019\u00e9lan vers l\u2019avant[4][2]. En environnement de travail, l\u2019usage du vert favorise concentration et cr\u00e9ativit\u00e9, tout en mat\u00e9rialisant un engagement envers des <strong>valeurs \u00e9cologiques<\/strong>, un atout pour des bureaux ou des espaces d\u2019apprentissage \u00e0 <strong>Paris<\/strong> comme \u00e0 <strong>Lyon<\/strong>[1].<\/p>\n<ul>\n<li><u>D\u00e9finition centrale<\/u>\u2009: le vert, situ\u00e9 entre le <strong>bleu<\/strong> et le <strong>jaune<\/strong>, se lit comme une couleur d\u2019<strong>\u00e9quilibre<\/strong> et d\u2019<strong>harmonie<\/strong> en <strong>psychologie des couleurs<\/strong>[3].<\/li>\n<li><strong>Perceptions culturelles<\/strong>\u2009: jeunesse et vitalit\u00e9 en <strong>Asie de l\u2019Est<\/strong>, richesse et fertilit\u00e9 au <strong>Moyen-Orient<\/strong>, renfor\u00e7ant son potentiel strat\u00e9gique en identit\u00e9 de marque globale[5].<\/li>\n<li><strong>Vert sauge<\/strong>\u2009: nuance subtile, gris\u00e9e, terreuse, per\u00e7ue comme <u>apaisante<\/u> et contemporaine, adapt\u00e9e aux espaces de d\u00e9tente[4].<\/li>\n<li><strong>Vert olive<\/strong>\u2009: m\u00e9lange de vert et de brun, ressenti comme <u>paisible<\/u>, sophistiqu\u00e9, avec un charme r\u00e9tro tr\u00e8s appr\u00e9ci\u00e9 en d\u00e9coration et mode[4].<\/li>\n<\/ul>\n<h2>Les Diff\u00e9rentes Nuances de Vert<\/h2>\n<p>En <strong>peinture\/impression<\/strong>, le vert est une <u>couleur secondaire<\/u> issue du m\u00e9lange <strong>jaune + bleu<\/strong>, tandis qu\u2019en <strong>RVB<\/strong> il constitue une <u>primaire additive<\/u>, ce qui explique des \u00e9carts de rendu entre \u00e9cran et imprim\u00e9, n\u00e9cessitant une gestion de profils colorim\u00e9triques rigoureuse[4]. Pour organiser un nuancier exploitable, nous distinguons des familles claires et fonc\u00e9es, des tonalit\u00e9s <strong>pastel<\/strong>, <strong>bleut\u00e9es<\/strong>, <strong>jaunes<\/strong>, <strong>joaillerie<\/strong> (pierres), <strong>terreuses<\/strong> et <strong>n\u00e9ons<\/strong>, afin d\u2019aligner teintes et usages. Les syst\u00e8mes <strong>RAL<\/strong>, <strong>NCS<\/strong> et <strong>Pantone<\/strong> s\u00e9curisent la coh\u00e9rence multi-supports\u2009; les gammes <strong>RAL Design<\/strong> et <strong>RAL Effect<\/strong> couvrent des verts contemporains et des finitions m\u00e9tallis\u00e9es\/nacr\u00e9es pour chantiers d\u00e9coratifs en 2025[2].<\/p>\n<ul>\n<li><strong>Pastels<\/strong>\u2009: <strong>vert menthe<\/strong> (#98FF98), <strong>vert tilleul<\/strong> (#C0FF7A)\u2009\u2014 UI douce, cosm\u00e9tique, bien-\u00eatre[2].<\/li>\n<li><strong>Terreux<\/strong>\u2009: <strong>vert sauge<\/strong> (#9CAF88), <strong>vert olive<\/strong> (#808000), <strong>kaki<\/strong> (#78866B)\u2009\u2014 d\u00e9coration, outdoor, retail durable[4].<\/li>\n<li><strong>Joaillerie<\/strong>\u2009: <strong>vert \u00e9meraude<\/strong> (#50C878), <strong>viridien<\/strong> (#40826D)\u2009\u2014 luxe, fintech premium, joaillerie[4].<\/li>\n<li><strong>Bleut\u00e9s<\/strong>\u2009: <strong>sarcele<\/strong> (#008080), <strong>aqua<\/strong> (#00FFFF)\u2009\u2014 tech-pro, sant\u00e9, interfaces calmes[4].<\/li>\n<li><strong>Fonc\u00e9s<\/strong>\u2009: <strong>vert for\u00eat<\/strong> (#228B22), <strong>bouteille<\/strong> (#006A4E)\u2009\u2014 institutionnel, patrimoine, packaging premium[4].<\/li>\n<li><strong>N\u00e9ons<\/strong>\u2009: <strong>chartreuse<\/strong> (#7FFF00), <strong>lime<\/strong> (#00FF00)\u2009\u2014 accents UI et signal\u00e9tique, \u00e0 doser pour l\u2019accessibilit\u00e9[2].<\/li>\n<li><u>Standards<\/u>\u2009: r\u00e9f\u00e9rencer <strong>RAL<\/strong>\/<strong>NCS<\/strong>\/<strong>Pantone<\/strong> pour l\u2019alignement print\/peinture\u2009; exploiter <strong>RAL Effect<\/strong> pour des effets m\u00e9tallis\u00e9s r\u00e9alistes en d\u00e9coration[2].<\/li>\n<\/ul>\n<h2>Comment Choisir sa Palette Verte pour un Projet<\/h2>\n<p>Nous recommandons d\u2019ancrer la s\u00e9lection dans une <strong>intention<\/strong> claire\u2009: apaiser, dynamiser, signer un positionnement premium, ou affirmer une posture \u00e9co-responsable. Les associations du vert \u00e0 la <strong>nature<\/strong>, la <strong>sant\u00e9<\/strong>, la <strong>croissance<\/strong> et la <strong>stabilit\u00e9<\/strong> encadrent la d\u00e9cision, tandis que la nuance bleut\u00e9e favorise la sophistication calme, et le jaune-vert une fra\u00eecheur tonique orient\u00e9e conversion ou retail[2][4]. La construction d\u2019une <strong>harmonie des couleurs<\/strong> (compl\u00e9mentaires, analogues, triadiques) se d\u00e9cide en fonction des supports\u2009: <strong>RVB<\/strong> pour le digital, <strong>CMJN<\/strong> pour l\u2019imprim\u00e9, avec un soin port\u00e9 aux profils ICC et \u00e0 la conversion Hex\/RVB\/CMJN, afin de limiter les d\u00e9rives perceptibles entre \u00e9cran et papier[4].<\/p>\n<ul>\n<li><u>Processus en 5 \u00e9tapes<\/u>\u2009: audit de marque\/espace\u2009; moodboard dirig\u00e9\u2009; s\u00e9lection dominante\/accent\u2009; tests sur maquettes (UI, packaging, 3D)\u2009; validation technique (print\/peinture\/\u00e9cran) avec chartes colorim\u00e9triques \u00e0 jour[4][2].<\/li>\n<li><strong>Accessibilit\u00e9<\/strong>\u2009: v\u00e9rifier les contrastes pour CTA  feu vert ? et \u00e9l\u00e9ments interactifs, en priorit\u00e9 sur mobile, pour conserver lisibilit\u00e9 et hi\u00e9rarchie visuelle[2].<\/li>\n<li><strong>Mini-cas \u2014 Restaurant healthy, Paris 2025<\/strong>\u2009: palette <strong>vert menthe<\/strong> + <strong>cr\u00e8me<\/strong> + <strong>bois clair<\/strong>\u2009; b\u00e9n\u00e9fice\u2009: fra\u00eecheur, naturalit\u00e9, r\u00e9assurance nutritionnelle en signal\u00e9tique et menus[2].<\/li>\n<li><strong>Mini-cas \u2014 Fintech premium, \u00cele-de-France<\/strong>\u2009: <strong>\u00e9meraude<\/strong> + <strong>anthracite<\/strong> + <strong>dor\u00e9<\/strong>\u2009; b\u00e9n\u00e9fice\u2009: stabilit\u00e9 financi\u00e8re, prestige, lisibilit\u00e9 sur dashboards \u00e0 forte densit\u00e9[4][2].<\/li>\n<\/ul>\n<h2>Utiliser le Vert dans le Design d\u2019Int\u00e9rieur<\/h2>\n<p>Selon la pi\u00e8ce et la lumi\u00e8re, les verts modulent l\u2019ambiance\u2009: <strong>sauge<\/strong> pour l\u2019apaisement, <strong>olive<\/strong> pour une chaleur discr\u00e8te, <strong>for\u00eat<\/strong> pour la profondeur, <strong>citron<\/strong> pour un punch contr\u00f4l\u00e9. Les mat\u00e9riaux naturels \u2014 <strong>lin<\/strong>, <strong>laine boucl\u00e9e<\/strong>, <strong>bois<\/strong> \u2014 renforcent la perception de confort, tandis que le <strong>laiton bross\u00e9<\/strong> et l\u2019<strong>acier patin\u00e9<\/strong> soutiennent une lecture premium sans duret\u00e9[4]. Pour les finitions, un <strong>mat<\/strong> nuance les reflets et adoucit les volumes, un <strong>satin\u00e9<\/strong> facilite l\u2019entretien, et une peinture \u00e0 effet issue d\u2019un nuancier <strong>RAL Effect<\/strong> apporte une touche m\u00e9tallis\u00e9e, efficace pour ponctuer une niche, une cr\u00e9dence, ou un pi\u00e8tement de meuble[2].<\/p>\n<ul>\n<li><strong>Chambre<\/strong>\u2009: <strong>sauge<\/strong> ou <strong>menthe<\/strong> sur grands pans, textiles en gaze de coton, bois miel, lumi\u00e8re chaude pour une d\u00e9tente optimale[4].<\/li>\n<li><strong>Salon<\/strong>\u2009: <strong>olive<\/strong> et <strong>for\u00eat<\/strong> combin\u00e9s \u00e0 des neutres chauds, ponctu\u00e9s de laiton, tapis textur\u00e9s, biblioth\u00e8ques en ch\u00eane fum\u00e9[4][2].<\/li>\n<li><strong>Cuisine<\/strong>\u2009: <strong>tilleul<\/strong> ou <strong>olive<\/strong> sur fa\u00e7ades mates, cr\u00e9dence claire, plan de travail min\u00e9ral, \u00e9clairage LED 3000\u20133500K[2].<\/li>\n<li><strong>Salle de bain<\/strong>\u2009: <strong>sarcele<\/strong>\/<strong>aqua<\/strong>, zelliges brillants, robinetterie champagne bross\u00e9, joints clairs pour luminosit\u00e9[4].<\/li>\n<li><u>Astuces lumi\u00e8re<\/u>\u2009: verts froids \u00e0 associer \u00e0 une lumi\u00e8re chaude, verts chauds \u00e0 \u00e9quilibrer par un \u00e9clairage plus neutre, pour \u00e9viter les dominantes[1].<\/li>\n<\/ul>\n<h2>Palette Couleur Vert en Design Graphique<\/h2>\n<p>En identit\u00e9 et UI, le vert soutient des messages d\u2019<strong>environnementalisme<\/strong>, de <strong>sant\u00e9<\/strong>, de <strong>fra\u00eecheur<\/strong>, de <strong>prosp\u00e9rit\u00e9<\/strong> et d\u2019<strong>action<\/strong>, notamment sur les parcours d\u2019onboarding ou les CTA d\u2019approbation. Les familles \u00e0 privil\u00e9gier d\u00e9pendent du positionnement\u2009: <strong>\u00e9meraude<\/strong> pour un univers luxe\/royaut\u00e9, <strong>sauge<\/strong> pour une naturalit\u00e9 chic, <strong>citron<\/strong> pour une cible jeunesse, <strong>sarcele<\/strong> pour une tonalit\u00e9 tech-pro, en coh\u00e9rence avec le registre \u00e9ditorial et l\u2019iconographie[4][2]. Nous rappelons la diff\u00e9rence <strong>RVB<\/strong>\/<strong>CMJN<\/strong>, la conversion <strong>RVB\u2192Hex<\/strong>, et l\u2019int\u00e9r\u00eat d\u2019un syst\u00e8me de couleurs outill\u00e9\u2009: <strong>styles Figma<\/strong>, <strong>variables CSS<\/strong>, \u00e9chelles de <strong>gammes tonales<\/strong> et tokens, pour garantir la constance chromatique entre produits web et assets imprim\u00e9s[4].<\/p>\n<ul>\n<li><strong>Branding \u2014 \u00c9nergie verte<\/strong>\u2009: l\u2019ex-<strong>Plan\u00e8te OUI<\/strong> (\u00e9nergie renouvelable, France) s\u2019appuyait sur un vert lumineux et dynamique, gage de fra\u00eecheur et de lisibilit\u00e9 en affichage urbain[4].<\/li>\n<li><strong>UI sant\u00e9<\/strong>\u2009: verts bleut\u00e9s apaisants pour tableaux de bord, coupl\u00e9s \u00e0 blanc et gris doux, am\u00e9liorent confiance et compr\u00e9hension des donn\u00e9es[2].<\/li>\n<li><strong>Packaging food<\/strong>\u2009: verts jaunes tonifiants pour signaler le  frais ? en rayon, contrast\u00e9s par noir\/blanc pour l\u2019information nutritionnelle[2].<\/li>\n<\/ul>\n<h2>Les Combinaisons Gagnantes avec le Vert<\/h2>\n<p>Pour une esth\u00e9tique contemporaine, le duo <strong>vert + blanc<\/strong> structure l\u2019espace n\u00e9gatif, tandis que les <strong>gris<\/strong> calibrent les saturations et posent une base typographique nette, utile en interfaces comme en signal\u00e9tique retail[2]. Les compl\u00e9mentaires <strong>roses\/rouges<\/strong> cr\u00e9ent un contraste efficace, \u00e0 doser en accents, alors que les m\u00e9taux \u2014 <strong>dor\u00e9<\/strong>, <strong>cuivr\u00e9<\/strong> \u2014 introduisent une sophistication lisible sur identit\u00e9s de secteurs premium. Les analogies apaisantes avec <strong>bleus<\/strong> et <strong>jaunes doux<\/strong> fonctionnent sur des parcours calmes, le trio vert + aqua\/sarcele offrant une tonalit\u00e9  calm tech ? tr\u00e8s actuelle[2].<\/p>\n<ul>\n<li><u>Conseils pratiques<\/u>\u2009: d\u00e9saturer un vert vif par des gris chauds, r\u00e9server le blanc \u00e0 la respiration visuelle, garder le vert satur\u00e9 pour les <strong>accents UX<\/strong> et pictogrammes d\u2019\u00e9tat[2].<\/li>\n<li><strong>Contraste<\/strong>\u2009: contr\u00f4ler les ratios de lisibilit\u00e9 des CTA verts, surtout sur mobile, pour respecter l\u2019accessibilit\u00e9 et maintenir les taux de conversion[2].<\/li>\n<li><strong>Mati\u00e8res<\/strong>\u2009: marier vert for\u00eat avec noyer et laiton bross\u00e9 pour une ambiance premium intemporelle en h\u00f4tellerie 4\u20135 \u00e9toiles, <strong>\u00cele-de-France<\/strong>[4][2].<\/li>\n<\/ul>\n<h2>Exemples Inspirants de Palettes Couleurs Vert<\/h2>\n<p>Pour \u00e9clairer vos choix, nous commentons des palettes ancr\u00e9es dans des r\u00e9alit\u00e9s professionnelles, en explicitant les objectifs, la composition (3\u20135 teintes), et les ressorts psychologiques ou culturels qui expliquent leur efficacit\u00e9. Cette d\u00e9marche, transposable \u00e0 vos projets, aide \u00e0 trancher entre nuances proches, en garantissant lisibilit\u00e9, coh\u00e9rence et impact mesurable en usage r\u00e9el[2][4].<\/p>\n<ul>\n<li><strong>Identit\u00e9 marque \u00e9coresponsable \u2014 Rennes, 2024<\/strong>\u2009: <strong>vert sauge<\/strong> #9CAF88 + <strong>cr\u00e8me<\/strong> #F5F0E6 + <strong>charbon<\/strong> #262626. Objectif\u2009: cr\u00e9dibilit\u00e9 douce, transparence, proximit\u00e9. R\u00e9ussite\u2009: l\u2019<u>apaisement<\/u> du sauge soutient des preuves d\u2019impact environnemental, le charbon garantit lecture et contraste[4][2].<\/li>\n<li><strong>Interface fintech premium \u2014 Paris, 2025<\/strong>\u2009: <strong>\u00e9meraude<\/strong> #50C878 + <strong>anthracite<\/strong> #1C1C1C + <strong>or<\/strong> #C8A165. Objectif\u2009: stabilit\u00e9, richesse, modernit\u00e9 sobre. R\u00e9ussite\u2009: codes de prestige lisibles, lisibilit\u00e9 accrue sur data-viz, coh\u00e9rence CMJN\/RVB surveill\u00e9e en documents investisseurs[4].<\/li>\n<li><strong>Campagne bien-\u00eatre \u2014 Lyon, 2023<\/strong>\u2009: <strong>aqua<\/strong> #00FFFF + <strong>sarcele<\/strong> #008080 + <strong>blanc<\/strong> #FFFFFF + <strong>sable<\/strong> #E8D8C3. Objectif\u2009: d\u00e9tente contemporaine, s\u00e9curit\u00e9. R\u00e9ussite\u2009: duo bleut\u00e9 rassurant, excellente performance sur supports DOOH lumineux[2][4].<\/li>\n<li><strong>D\u00e9coration salon \u2014 Bordeaux, 2025<\/strong>\u2009: <strong>olive<\/strong> #808000 + <strong>lin naturel<\/strong> #D2C6AE + <strong>laiton<\/strong> #C2A878. Objectif\u2009: chaleur sophistiqu\u00e9e. R\u00e9ussite\u2009: \u00e9quilibre mati\u00e8re\/couleur, points m\u00e9tallis\u00e9s, r\u00e9f\u00e9rences <strong>RAL Effect<\/strong> pour coh\u00e9rence des finitions[2][4].<\/li>\n<li><strong>Packaging boisson sant\u00e9 \u2014 \u00cele-de-France, 2024<\/strong>\u2009: <strong>vert citron<\/strong> #A8E600 + <strong>blanc<\/strong> #FFFFFF + <strong>noir<\/strong> #111111. Objectif\u2009: punch et lisibilit\u00e9. R\u00e9ussite\u2009: contraste fort, perception de fra\u00eecheur, conformit\u00e9 aux ratios d\u2019accessibilit\u00e9 sur e-commerce[2].<\/li>\n<li><strong>Affiche culturelle \u2014 Marseille, 2025<\/strong>\u2009: <strong>viridien<\/strong> #40826D + <strong>ivoire<\/strong> #FFFFF0 + <strong>rouge brique<\/strong> #8B0000. Objectif\u2009: contraste patrimonial, visibilit\u00e9 urbaine. R\u00e9ussite\u2009: triade ma\u00eetris\u00e9e, hi\u00e9rarchie typographique nette, impact en lumi\u00e8re naturelle[4][2].<\/li>\n<\/ul>\n<h2>Conseils d\u2019Experts pour une Mise en \u0152uvre Sans Faute<\/h2>\n<p>Nous sugg\u00e9rons d\u2019adosser chaque choix chromatique \u00e0 une hypoth\u00e8se mesurable\u2009: taux de clics des CTA verts, r\u00e9tention en onboarding, satisfaction per\u00e7ue en retail, ou confort visuel en espace d\u2019accueil. Sur digital, un syst\u00e8me complet de <strong>tokens<\/strong> (couleurs, \u00e9tats, focus) assure la scalabilit\u00e9, alors qu\u2019en imprim\u00e9 la <strong>gestion colorim\u00e9trique<\/strong> et la validation <strong>BAT<\/strong> \u00e9vitent les rendus ternes. En architecture int\u00e9rieure, l\u2019anticipation des <strong>temp\u00e9ratures de lumi\u00e8re<\/strong>, la s\u00e9lection de finitions issues de <strong>RAL Design\/Effect<\/strong>, et le suivi chantier, r\u00e9duisent les \u00e9carts entre intentions et r\u00e9alisation[2][4].<\/p>\n<ul>\n<li><strong>Mesure<\/strong>\u2009: suivez les m\u00e9triques avant\/apr\u00e8s sur pages cl\u00e9s et campagnes, pour arbitrer entre vert bleut\u00e9 et vert jaune selon vos objectifs de conversion[2].<\/li>\n<li><strong>Techniques<\/strong>\u2009: pr\u00e9parez des variantes <strong>RVB<\/strong>\/<strong>CMJN<\/strong>, profilez vos \u00e9crans, fixez des marges de tol\u00e9rance \u0394E pour la production imprim\u00e9e[4].<\/li>\n<li><strong>Espaces<\/strong>\u2009: documentez l\u2019\u00e9clairement (lux), calibrez les temp\u00e9ratures (2700\u20134000K), et ajustez la saturation pour \u00e9viter les dominantes sur murs et textiles[1].<\/li>\n<\/ul>\n<h2>Comparatif et Avis sur les Familles de Verts<\/h2>\n<p>Sur des projets orient\u00e9s <strong>bien-\u00eatre<\/strong> et <strong>hospitalit\u00e9<\/strong>, nous pl\u00e9biscitons le <strong>vert sauge<\/strong> et la <strong>sarcele<\/strong>, pour l\u2019\u00e9quilibre psychologique et la grande tol\u00e9rance \u00e0 diff\u00e9rents \u00e9clairages. Pour une posture <strong>premium<\/strong> et patrimoniale, le <strong>vert \u00e9meraude<\/strong> et le <strong>for\u00eat<\/strong> conservent une autorit\u00e9 visuelle, tout en pr\u00e9servant la lisibilit\u00e9 des typographies blanches ou ivoire. En retail jeune et dynamique, le <strong>vert citron<\/strong> et les <strong>n\u00e9ons<\/strong> d\u00e9livrent une \u00e9nergie nette, \u00e0 condition de baliser l\u2019accessibilit\u00e9 et de pr\u00e9voir des gris tampons pour les larges aplats[4][2].<\/p>\n<ul>\n<li><u>Nos pr\u00e9f\u00e9rences op\u00e9rationnelles<\/u>\u2009: duo sauge + cr\u00e8me pour UI sant\u00e9, \u00e9meraude + anthracite pour finance, olive + laiton pour int\u00e9rieur chic. Ces combinaisons \u00e9quilibrent message, contraste et maintenance technique multi-supports[2][4].<\/li>\n<li><strong>Limites<\/strong>\u2009: les verts trop acides fatiguent sur la dur\u00e9e d\u2019usage, les bleut\u00e9s excessifs refroidissent une marque de proximit\u00e9. Ajuster la saturation est d\u00e9cisif[2].<\/li>\n<\/ul>\n<h2>Conclusion : La Palette Couleur Vert, un Choix \u00c9clair\u00e9<\/h2>\n<p>La palette verte offre un terrain d\u2019expression exceptionnel, apte \u00e0 incarner <strong>nature<\/strong>, <strong>fra\u00eecheur<\/strong>, <strong>harmonie<\/strong> et <strong>prosp\u00e9rit\u00e9<\/strong>, de la d\u00e9coration int\u00e9rieure aux applications de <strong>design graphique<\/strong>. En articulant psychologie, <strong>nuancier<\/strong> pertinent, et combinaisons soign\u00e9es avec <strong>blanc<\/strong> et <strong>gris<\/strong>, vous structurez des exp\u00e9riences lisibles et durables, conformes aux attentes actuelles en mati\u00e8re de bien-\u00eatre et de responsabilit\u00e9[2]. La r\u00e9ussite repose sur la ma\u00eetrise des supports (<strong>RVB<\/strong>\/<strong>CMJN<\/strong>\/peinture), l\u2019outillage de production, et, lorsque n\u00e9cessaire, l\u2019appui sur des r\u00e9f\u00e9rences <strong>RAL Design\/Effect<\/strong> pour des finitions sp\u00e9cifiques, garantissant un rendu fid\u00e8le du concept \u00e0 la r\u00e9alisation[2][4].<\/p>\n<div style=\"background: #e8f4f8; border: 3px solid #0073aa; padding: 20px; margin: 20px 0; border-radius: 8px;\">\n<h2 style=\"color: #0073aa; text-align: center; margin-bottom: 15px;\">\ud83d\udd27 Ressources Pratiques et Outils<\/h2>\n<div style=\"background: white; padding: 15px; margin: 10px 0; border-left: 4px solid #28a745;\">\n<h3 style=\"color: #28a745; margin-bottom: 10px;\">\ud83d\udccd Little Greene Paris Showroom<\/h3>\n<p>Adresse : 21 Rue Bonaparte, 75006 Paris.<br \/>\nSite : <a href=\"https:\/\/littlegreene.fr\" rel=\"nofollow\">littlegreene.fr<\/a><\/p>\n<\/div>\n<div style=\"background: white; padding: 15px; margin: 10px 0; border-left: 4px solid #007bff;\">\n<h3 style=\"color: #007bff; margin-bottom: 10px;\">\ud83d\udee0\ufe0f Outils et Calculateurs<\/h3>\n<p>Ressource Peintures propose une formation \u00e0 la couleur disponible en visio. Inscription via leur site : <a href=\"https:\/\/ressource-peintures.com\" rel=\"nofollow\">ressource-peintures.com<\/a>.<\/p>\n<\/div>\n<div style=\"background: white; padding: 15px; margin: 10px 0; border-left: 4px solid #6f42c1;\">\n<h3 style=\"color: #6f42c1; margin-bottom: 10px;\">\ud83d\udc65 Communaut\u00e9 et Experts<\/h3>\n<p>Pour des conseils et \u00e9changes, visitez les sites de Little Greene et Ressource Peintures, o\u00f9 vous pouvez trouver des informations sur les produits et des contacts pour des conseils personnalis\u00e9s.<\/p>\n<\/div>\n<div style=\"background: #fff3cd; padding: 15px; margin: 15px 0; border: 2px solid #ffc107; border-radius: 5px;\">\n<strong style=\"color: #856404;\">\ud83d\udca1 R\u00e9sum\u00e9 en 2 lignes :<\/strong><br \/>\n<span>D\u00e9couvrez des ressources de qualit\u00e9 pour vos projets de peinture \u00e0 Paris, avec des formations et des conseils d&rsquo;experts disponibles en ligne.<\/span>\n<\/div>\n<\/div>\n","protected":false},"excerpt":{"rendered":"","protected":false},"author":34,"featured_media":7604,"comment_status":"open","ping_status":"open","sticky":false,"template":"","format":"standard","meta":{"_acf_changed":false,"manual_indexmenow":false,"indexmenow_id_project":0,"footnotes":""},"categories":[4520],"tags":[4743,4739,4742],"class_list":["post-7602","post","type-post","status-publish","format-standard","has-post-thumbnail","hentry","category-redaction-web","tag-nuances-vert","tag-palette-vert","tag-psychologie-couleur","generate-columns","tablet-grid-50","mobile-grid-100","grid-parent","grid-25"],"acf":[],"yoast_head":"<!-- This site is optimized with the Yoast SEO Premium plugin v21.3 (Yoast SEO v25.6) - https:\/\/yoast.com\/wordpress\/plugins\/seo\/ -->\n<title>Palette de vert : comment choisir la nuance id\u00e9ale<\/title>\n<meta name=\"description\" content=\"Le vert \u00e9voque la croissance , la r\u00e9g\u00e9n\u00e9ration , la s\u00e9curit\u00e9 et la prosp\u00e9rit\u00e9 , des associations largement utilis\u00e9es en branding pour sugg\u00e9rer bien-\u00eatre\" \/>\n<meta name=\"robots\" content=\"index, follow, max-snippet:-1, max-image-preview:large, max-video-preview:-1\" \/>\n<link rel=\"canonical\" href=\"https:\/\/la-redactrice-web.fr\/blog\/redaction-web\/palette-de-vert-comment-choisir-la-nuance-ideale-pour-evoquer-croissance-et-serenite\/\" \/>\n<meta property=\"og:locale\" content=\"fr_FR\" \/>\n<meta property=\"og:type\" content=\"article\" \/>\n<meta property=\"og:title\" content=\"Palette de vert : comment choisir la nuance id\u00e9ale\" \/>\n<meta property=\"og:description\" content=\"Le vert \u00e9voque la croissance , la r\u00e9g\u00e9n\u00e9ration , la s\u00e9curit\u00e9 et la prosp\u00e9rit\u00e9 , des associations largement utilis\u00e9es en branding pour sugg\u00e9rer bien-\u00eatre\" \/>\n<meta property=\"og:url\" content=\"https:\/\/la-redactrice-web.fr\/blog\/redaction-web\/palette-de-vert-comment-choisir-la-nuance-ideale-pour-evoquer-croissance-et-serenite\/\" \/>\n<meta property=\"og:site_name\" content=\"la-redactrice-web\" \/>\n<meta property=\"og:image\" content=\"https:\/\/la-redactrice-web.fr\/blog\/wp-content\/uploads\/2025\/08\/pag-image-689b6cdfb41f5-scaled.png\" \/>\n\t<meta property=\"og:image:width\" content=\"1200\" \/>\n\t<meta property=\"og:image:height\" content=\"686\" \/>\n\t<meta property=\"og:image:type\" content=\"image\/png\" \/>\n<meta name=\"author\" content=\"Th\u00e9o Rouvier\" \/>\n<meta name=\"twitter:card\" content=\"summary_large_image\" \/>\n<script type=\"application\/ld+json\" class=\"yoast-schema-graph\">{\"@context\":\"https:\/\/schema.org\",\"@graph\":[{\"@type\":\"NewsArticle\",\"@id\":\"https:\/\/la-redactrice-web.fr\/blog\/redaction-web\/palette-de-vert-comment-choisir-la-nuance-ideale-pour-evoquer-croissance-et-serenite\/#article\",\"isPartOf\":{\"@id\":\"https:\/\/la-redactrice-web.fr\/blog\/redaction-web\/palette-de-vert-comment-choisir-la-nuance-ideale-pour-evoquer-croissance-et-serenite\/\"},\"author\":{\"name\":\"Th\u00e9o Rouvier\",\"@id\":\"https:\/\/la-redactrice-web.fr\/blog\/#\/schema\/person\/3c864cdc320801e3db34b663e7e3f816\"},\"headline\":\"Palette de vert : comment choisir la nuance id\u00e9ale pour \u00e9voquer croissance et s\u00e9r\u00e9nit\u00e9\",\"datePublished\":\"2025-09-15T07:41:00+00:00\",\"mainEntityOfPage\":{\"@id\":\"https:\/\/la-redactrice-web.fr\/blog\/redaction-web\/palette-de-vert-comment-choisir-la-nuance-ideale-pour-evoquer-croissance-et-serenite\/\"},\"wordCount\":2085,\"commentCount\":0,\"publisher\":{\"@id\":\"https:\/\/la-redactrice-web.fr\/blog\/#organization\"},\"image\":{\"@id\":\"https:\/\/la-redactrice-web.fr\/blog\/redaction-web\/palette-de-vert-comment-choisir-la-nuance-ideale-pour-evoquer-croissance-et-serenite\/#primaryimage\"},\"thumbnailUrl\":\"https:\/\/la-redactrice-web.fr\/blog\/wp-content\/uploads\/2025\/08\/pag-image-689b6cdfb41f5-scaled.png\",\"keywords\":[\"nuances vert\",\"palette vert\",\"psychologie couleur\"],\"articleSection\":[\"R\u00e9daction Web\"],\"inLanguage\":\"fr-FR\",\"potentialAction\":[{\"@type\":\"CommentAction\",\"name\":\"Comment\",\"target\":[\"https:\/\/la-redactrice-web.fr\/blog\/redaction-web\/palette-de-vert-comment-choisir-la-nuance-ideale-pour-evoquer-croissance-et-serenite\/#respond\"]}]},{\"@type\":\"WebPage\",\"@id\":\"https:\/\/la-redactrice-web.fr\/blog\/redaction-web\/palette-de-vert-comment-choisir-la-nuance-ideale-pour-evoquer-croissance-et-serenite\/\",\"url\":\"https:\/\/la-redactrice-web.fr\/blog\/redaction-web\/palette-de-vert-comment-choisir-la-nuance-ideale-pour-evoquer-croissance-et-serenite\/\",\"name\":\"Palette de vert : comment choisir la nuance id\u00e9ale\",\"isPartOf\":{\"@id\":\"https:\/\/la-redactrice-web.fr\/blog\/#website\"},\"primaryImageOfPage\":{\"@id\":\"https:\/\/la-redactrice-web.fr\/blog\/redaction-web\/palette-de-vert-comment-choisir-la-nuance-ideale-pour-evoquer-croissance-et-serenite\/#primaryimage\"},\"image\":{\"@id\":\"https:\/\/la-redactrice-web.fr\/blog\/redaction-web\/palette-de-vert-comment-choisir-la-nuance-ideale-pour-evoquer-croissance-et-serenite\/#primaryimage\"},\"thumbnailUrl\":\"https:\/\/la-redactrice-web.fr\/blog\/wp-content\/uploads\/2025\/08\/pag-image-689b6cdfb41f5-scaled.png\",\"datePublished\":\"2025-09-15T07:41:00+00:00\",\"description\":\"Le vert \u00e9voque la croissance , la r\u00e9g\u00e9n\u00e9ration , la s\u00e9curit\u00e9 et la prosp\u00e9rit\u00e9 , des associations largement utilis\u00e9es en branding pour sugg\u00e9rer bien-\u00eatre\",\"inLanguage\":\"fr-FR\",\"potentialAction\":[{\"@type\":\"ReadAction\",\"target\":[\"https:\/\/la-redactrice-web.fr\/blog\/redaction-web\/palette-de-vert-comment-choisir-la-nuance-ideale-pour-evoquer-croissance-et-serenite\/\"]}]},{\"@type\":\"ImageObject\",\"inLanguage\":\"fr-FR\",\"@id\":\"https:\/\/la-redactrice-web.fr\/blog\/redaction-web\/palette-de-vert-comment-choisir-la-nuance-ideale-pour-evoquer-croissance-et-serenite\/#primaryimage\",\"url\":\"https:\/\/la-redactrice-web.fr\/blog\/wp-content\/uploads\/2025\/08\/pag-image-689b6cdfb41f5-scaled.png\",\"contentUrl\":\"https:\/\/la-redactrice-web.fr\/blog\/wp-content\/uploads\/2025\/08\/pag-image-689b6cdfb41f5-scaled.png\",\"width\":1200,\"height\":686,\"caption\":\"Image g\u00e9n\u00e9r\u00e9e par IA optimis\u00e9e pour Google Discover\"},{\"@type\":\"WebSite\",\"@id\":\"https:\/\/la-redactrice-web.fr\/blog\/#website\",\"url\":\"https:\/\/la-redactrice-web.fr\/blog\/\",\"name\":\"La R\u00e9dactrice Web\",\"description\":\"La R\u00e9dactrice Web, vos mots qui r\u00e9sonnent\",\"publisher\":{\"@id\":\"https:\/\/la-redactrice-web.fr\/blog\/#organization\"},\"alternateName\":\"La R\u00e9dactrice Web, vos mots qui r\u00e9sonnent\",\"potentialAction\":[{\"@type\":\"SearchAction\",\"target\":{\"@type\":\"EntryPoint\",\"urlTemplate\":\"https:\/\/la-redactrice-web.fr\/blog\/?s={search_term_string}\"},\"query-input\":{\"@type\":\"PropertyValueSpecification\",\"valueRequired\":true,\"valueName\":\"search_term_string\"}}],\"inLanguage\":\"fr-FR\"},{\"@type\":\"Organization\",\"@id\":\"https:\/\/la-redactrice-web.fr\/blog\/#organization\",\"name\":\"La R\u00e9dactrice Web\",\"alternateName\":\"La R\u00e9dactrice Web\",\"url\":\"https:\/\/la-redactrice-web.fr\/blog\/\",\"logo\":{\"@type\":\"ImageObject\",\"inLanguage\":\"fr-FR\",\"@id\":\"https:\/\/la-redactrice-web.fr\/blog\/#\/schema\/logo\/image\/\",\"url\":\"https:\/\/la-redactrice-web.fr\/blog\/wp-content\/uploads\/2024\/12\/31.png\",\"contentUrl\":\"https:\/\/la-redactrice-web.fr\/blog\/wp-content\/uploads\/2024\/12\/31.png\",\"width\":500,\"height\":500,\"caption\":\"La R\u00e9dactrice Web\"},\"image\":{\"@id\":\"https:\/\/la-redactrice-web.fr\/blog\/#\/schema\/logo\/image\/\"}},{\"@type\":\"Person\",\"@id\":\"https:\/\/la-redactrice-web.fr\/blog\/#\/schema\/person\/3c864cdc320801e3db34b663e7e3f816\",\"name\":\"Th\u00e9o Rouvier\",\"image\":{\"@type\":\"ImageObject\",\"inLanguage\":\"fr-FR\",\"@id\":\"https:\/\/la-redactrice-web.fr\/blog\/#\/schema\/person\/image\/\",\"url\":\"https:\/\/la-redactrice-web.fr\/blog\/wp-content\/uploads\/2026\/06\/persona_theo-r-96x96.jpg\",\"contentUrl\":\"https:\/\/la-redactrice-web.fr\/blog\/wp-content\/uploads\/2026\/06\/persona_theo-r-96x96.jpg\",\"caption\":\"Th\u00e9o Rouvier\"},\"description\":\"Le web et la communication sont mon m\u00e9tier depuis une dizaine d'ann\u00e9es, entre r\u00e9daction, strat\u00e9gie de contenu et accompagnement de projets en ligne. J'\u00e9cris sur la cr\u00e9ation de site, le marketing digital, l'image de marque et le m\u00e9tier de r\u00e9dacteur web, avec l'envie de rendre ces sujets concrets pour les ind\u00e9pendants et les petites entreprises. J'aime expliquer comment se construit une pr\u00e9sence en ligne cr\u00e9dible, du choix des mots \u00e0 la coh\u00e9rence visuelle, sans recourir au jargon d'agence. Avant de recommander une m\u00e9thode ou un outil, je l'\u00e9prouve sur le terrain et je distingue ce qui marche vraiment des promesses \u00e0 la mode. Je me m\u00e9fie des recettes miracles en marketing, car aucune ne dispense de travail et de r\u00e9gularit\u00e9. Mon angle : donner des rep\u00e8res solides pour communiquer juste et b\u00e2tir une marque qui dure, \u00e0 hauteur de budgets r\u00e9els et d'\u00e9quipes r\u00e9duites.\",\"sameAs\":[\"https:\/\/theorouvier.fr\/\"],\"url\":\"https:\/\/la-redactrice-web.fr\/blog\/auteur\/noname\/\"}]}<\/script>\n<!-- \/ Yoast SEO Premium plugin. -->","yoast_head_json":{"title":"Palette de vert : comment choisir la nuance id\u00e9ale","description":"Le vert \u00e9voque la croissance , la r\u00e9g\u00e9n\u00e9ration , la s\u00e9curit\u00e9 et la prosp\u00e9rit\u00e9 , des associations largement utilis\u00e9es en branding pour sugg\u00e9rer bien-\u00eatre","robots":{"index":"index","follow":"follow","max-snippet":"max-snippet:-1","max-image-preview":"max-image-preview:large","max-video-preview":"max-video-preview:-1"},"canonical":"https:\/\/la-redactrice-web.fr\/blog\/redaction-web\/palette-de-vert-comment-choisir-la-nuance-ideale-pour-evoquer-croissance-et-serenite\/","og_locale":"fr_FR","og_type":"article","og_title":"Palette de vert : comment choisir la nuance id\u00e9ale","og_description":"Le vert \u00e9voque la croissance , la r\u00e9g\u00e9n\u00e9ration , la s\u00e9curit\u00e9 et la prosp\u00e9rit\u00e9 , des associations largement utilis\u00e9es en branding pour sugg\u00e9rer bien-\u00eatre","og_url":"https:\/\/la-redactrice-web.fr\/blog\/redaction-web\/palette-de-vert-comment-choisir-la-nuance-ideale-pour-evoquer-croissance-et-serenite\/","og_site_name":"la-redactrice-web","og_image":[{"width":1200,"height":686,"url":"https:\/\/la-redactrice-web.fr\/blog\/wp-content\/uploads\/2025\/08\/pag-image-689b6cdfb41f5-scaled.png","type":"image\/png"}],"author":"Th\u00e9o Rouvier","twitter_card":"summary_large_image","schema":{"@context":"https:\/\/schema.org","@graph":[{"@type":"NewsArticle","@id":"https:\/\/la-redactrice-web.fr\/blog\/redaction-web\/palette-de-vert-comment-choisir-la-nuance-ideale-pour-evoquer-croissance-et-serenite\/#article","isPartOf":{"@id":"https:\/\/la-redactrice-web.fr\/blog\/redaction-web\/palette-de-vert-comment-choisir-la-nuance-ideale-pour-evoquer-croissance-et-serenite\/"},"author":{"name":"Th\u00e9o Rouvier","@id":"https:\/\/la-redactrice-web.fr\/blog\/#\/schema\/person\/3c864cdc320801e3db34b663e7e3f816"},"headline":"Palette de vert : comment choisir la nuance id\u00e9ale pour \u00e9voquer croissance et s\u00e9r\u00e9nit\u00e9","datePublished":"2025-09-15T07:41:00+00:00","mainEntityOfPage":{"@id":"https:\/\/la-redactrice-web.fr\/blog\/redaction-web\/palette-de-vert-comment-choisir-la-nuance-ideale-pour-evoquer-croissance-et-serenite\/"},"wordCount":2085,"commentCount":0,"publisher":{"@id":"https:\/\/la-redactrice-web.fr\/blog\/#organization"},"image":{"@id":"https:\/\/la-redactrice-web.fr\/blog\/redaction-web\/palette-de-vert-comment-choisir-la-nuance-ideale-pour-evoquer-croissance-et-serenite\/#primaryimage"},"thumbnailUrl":"https:\/\/la-redactrice-web.fr\/blog\/wp-content\/uploads\/2025\/08\/pag-image-689b6cdfb41f5-scaled.png","keywords":["nuances vert","palette vert","psychologie couleur"],"articleSection":["R\u00e9daction Web"],"inLanguage":"fr-FR","potentialAction":[{"@type":"CommentAction","name":"Comment","target":["https:\/\/la-redactrice-web.fr\/blog\/redaction-web\/palette-de-vert-comment-choisir-la-nuance-ideale-pour-evoquer-croissance-et-serenite\/#respond"]}]},{"@type":"WebPage","@id":"https:\/\/la-redactrice-web.fr\/blog\/redaction-web\/palette-de-vert-comment-choisir-la-nuance-ideale-pour-evoquer-croissance-et-serenite\/","url":"https:\/\/la-redactrice-web.fr\/blog\/redaction-web\/palette-de-vert-comment-choisir-la-nuance-ideale-pour-evoquer-croissance-et-serenite\/","name":"Palette de vert : comment choisir la nuance id\u00e9ale","isPartOf":{"@id":"https:\/\/la-redactrice-web.fr\/blog\/#website"},"primaryImageOfPage":{"@id":"https:\/\/la-redactrice-web.fr\/blog\/redaction-web\/palette-de-vert-comment-choisir-la-nuance-ideale-pour-evoquer-croissance-et-serenite\/#primaryimage"},"image":{"@id":"https:\/\/la-redactrice-web.fr\/blog\/redaction-web\/palette-de-vert-comment-choisir-la-nuance-ideale-pour-evoquer-croissance-et-serenite\/#primaryimage"},"thumbnailUrl":"https:\/\/la-redactrice-web.fr\/blog\/wp-content\/uploads\/2025\/08\/pag-image-689b6cdfb41f5-scaled.png","datePublished":"2025-09-15T07:41:00+00:00","description":"Le vert \u00e9voque la croissance , la r\u00e9g\u00e9n\u00e9ration , la s\u00e9curit\u00e9 et la prosp\u00e9rit\u00e9 , des associations largement utilis\u00e9es en branding pour sugg\u00e9rer bien-\u00eatre","inLanguage":"fr-FR","potentialAction":[{"@type":"ReadAction","target":["https:\/\/la-redactrice-web.fr\/blog\/redaction-web\/palette-de-vert-comment-choisir-la-nuance-ideale-pour-evoquer-croissance-et-serenite\/"]}]},{"@type":"ImageObject","inLanguage":"fr-FR","@id":"https:\/\/la-redactrice-web.fr\/blog\/redaction-web\/palette-de-vert-comment-choisir-la-nuance-ideale-pour-evoquer-croissance-et-serenite\/#primaryimage","url":"https:\/\/la-redactrice-web.fr\/blog\/wp-content\/uploads\/2025\/08\/pag-image-689b6cdfb41f5-scaled.png","contentUrl":"https:\/\/la-redactrice-web.fr\/blog\/wp-content\/uploads\/2025\/08\/pag-image-689b6cdfb41f5-scaled.png","width":1200,"height":686,"caption":"Image g\u00e9n\u00e9r\u00e9e par IA optimis\u00e9e pour Google Discover"},{"@type":"WebSite","@id":"https:\/\/la-redactrice-web.fr\/blog\/#website","url":"https:\/\/la-redactrice-web.fr\/blog\/","name":"La R\u00e9dactrice Web","description":"La R\u00e9dactrice Web, vos mots qui r\u00e9sonnent","publisher":{"@id":"https:\/\/la-redactrice-web.fr\/blog\/#organization"},"alternateName":"La R\u00e9dactrice Web, vos mots qui r\u00e9sonnent","potentialAction":[{"@type":"SearchAction","target":{"@type":"EntryPoint","urlTemplate":"https:\/\/la-redactrice-web.fr\/blog\/?s={search_term_string}"},"query-input":{"@type":"PropertyValueSpecification","valueRequired":true,"valueName":"search_term_string"}}],"inLanguage":"fr-FR"},{"@type":"Organization","@id":"https:\/\/la-redactrice-web.fr\/blog\/#organization","name":"La R\u00e9dactrice Web","alternateName":"La R\u00e9dactrice Web","url":"https:\/\/la-redactrice-web.fr\/blog\/","logo":{"@type":"ImageObject","inLanguage":"fr-FR","@id":"https:\/\/la-redactrice-web.fr\/blog\/#\/schema\/logo\/image\/","url":"https:\/\/la-redactrice-web.fr\/blog\/wp-content\/uploads\/2024\/12\/31.png","contentUrl":"https:\/\/la-redactrice-web.fr\/blog\/wp-content\/uploads\/2024\/12\/31.png","width":500,"height":500,"caption":"La R\u00e9dactrice Web"},"image":{"@id":"https:\/\/la-redactrice-web.fr\/blog\/#\/schema\/logo\/image\/"}},{"@type":"Person","@id":"https:\/\/la-redactrice-web.fr\/blog\/#\/schema\/person\/3c864cdc320801e3db34b663e7e3f816","name":"Th\u00e9o Rouvier","image":{"@type":"ImageObject","inLanguage":"fr-FR","@id":"https:\/\/la-redactrice-web.fr\/blog\/#\/schema\/person\/image\/","url":"https:\/\/la-redactrice-web.fr\/blog\/wp-content\/uploads\/2026\/06\/persona_theo-r-96x96.jpg","contentUrl":"https:\/\/la-redactrice-web.fr\/blog\/wp-content\/uploads\/2026\/06\/persona_theo-r-96x96.jpg","caption":"Th\u00e9o Rouvier"},"description":"Le web et la communication sont mon m\u00e9tier depuis une dizaine d'ann\u00e9es, entre r\u00e9daction, strat\u00e9gie de contenu et accompagnement de projets en ligne. J'\u00e9cris sur la cr\u00e9ation de site, le marketing digital, l'image de marque et le m\u00e9tier de r\u00e9dacteur web, avec l'envie de rendre ces sujets concrets pour les ind\u00e9pendants et les petites entreprises. J'aime expliquer comment se construit une pr\u00e9sence en ligne cr\u00e9dible, du choix des mots \u00e0 la coh\u00e9rence visuelle, sans recourir au jargon d'agence. Avant de recommander une m\u00e9thode ou un outil, je l'\u00e9prouve sur le terrain et je distingue ce qui marche vraiment des promesses \u00e0 la mode. Je me m\u00e9fie des recettes miracles en marketing, car aucune ne dispense de travail et de r\u00e9gularit\u00e9. Mon angle : donner des rep\u00e8res solides pour communiquer juste et b\u00e2tir une marque qui dure, \u00e0 hauteur de budgets r\u00e9els et d'\u00e9quipes r\u00e9duites.","sameAs":["https:\/\/theorouvier.fr\/"],"url":"https:\/\/la-redactrice-web.fr\/blog\/auteur\/noname\/"}]}},"_links":{"self":[{"href":"https:\/\/la-redactrice-web.fr\/blog\/wp-json\/wp\/v2\/posts\/7602","targetHints":{"allow":["GET"]}}],"collection":[{"href":"https:\/\/la-redactrice-web.fr\/blog\/wp-json\/wp\/v2\/posts"}],"about":[{"href":"https:\/\/la-redactrice-web.fr\/blog\/wp-json\/wp\/v2\/types\/post"}],"author":[{"embeddable":true,"href":"https:\/\/la-redactrice-web.fr\/blog\/wp-json\/wp\/v2\/users\/34"}],"replies":[{"embeddable":true,"href":"https:\/\/la-redactrice-web.fr\/blog\/wp-json\/wp\/v2\/comments?post=7602"}],"version-history":[{"count":0,"href":"https:\/\/la-redactrice-web.fr\/blog\/wp-json\/wp\/v2\/posts\/7602\/revisions"}],"wp:featuredmedia":[{"embeddable":true,"href":"https:\/\/la-redactrice-web.fr\/blog\/wp-json\/wp\/v2\/media\/7604"}],"wp:attachment":[{"href":"https:\/\/la-redactrice-web.fr\/blog\/wp-json\/wp\/v2\/media?parent=7602"}],"wp:term":[{"taxonomy":"category","embeddable":true,"href":"https:\/\/la-redactrice-web.fr\/blog\/wp-json\/wp\/v2\/categories?post=7602"},{"taxonomy":"post_tag","embeddable":true,"href":"https:\/\/la-redactrice-web.fr\/blog\/wp-json\/wp\/v2\/tags?post=7602"}],"curies":[{"name":"wp","href":"https:\/\/api.w.org\/{rel}","templated":true}]}}