{"id":7664,"date":"2026-02-19T09:09:00","date_gmt":"2026-02-19T08:09:00","guid":{"rendered":"https:\/\/la-redactrice-web.fr\/blog\/?p=7664"},"modified":"2026-02-19T09:09:00","modified_gmt":"2026-02-19T08:09:00","slug":"strategie-de-communication-exemple","status":"publish","type":"post","link":"https:\/\/la-redactrice-web.fr\/blog\/strategie-de-contenu\/strategie-de-communication-exemple\/","title":{"rendered":"strat\u00e9gie de communication exemple"},"content":{"rendered":"<div style=\"background: linear-gradient(135deg, #f5f7fa 0%, #e9ecef 100%);border-left: 4px solid #0073aa;padding: 15px 20px;margin: 0 0 25px 0;border-radius: 0 8px 8px 0\">\n<p style=\"margin: 0;font-size: 14px;color: #0073aa;font-weight: 600;text-transform: uppercase;letter-spacing: 1px;margin-bottom: 10px\">\ud83d\udccb En bref<\/p>\n<ul style=\"margin: 0;padding-left: 20px;list-style-type: none\">\n<li style=\"margin: 5px 0;color: #333;font-size: 15px;line-height: 1.5;position: relative;padding-left: 15px\"><span style=\"position: absolute;left: 0;color: #0073aa\">\u25b8<\/span> Cr\u00e9ez une promesse diff\u00e9renciante en 3 \u00e9tapes pour transformer votre marque.<\/li>\n<li style=\"margin: 5px 0;color: #333;font-size: 15px;line-height: 1.5;position: relative;padding-left: 15px\"><span style=\"position: absolute;left: 0;color: #0073aa\">\u25b8<\/span> Humanisez votre marque pour g\u00e9n\u00e9rer un bouche-\u00e0-oreille efficace et authentique.<\/li>\n<li style=\"margin: 5px 0;color: #333;font-size: 15px;line-height: 1.5;position: relative;padding-left: 15px\"><span style=\"position: absolute;left: 0;color: #0073aa\">\u25b8<\/span> Utilisez un storytelling transparent sur LinkedIn pour positionner votre expertise B2B.<\/li>\n<\/ul>\n<\/div>\n<h1>Strat\u00e9gie de Communication Exemple : Copiez ces Succ\u00e8s pour Booster Votre Marque<\/h1>\n<h2>Promesse Diff\u00e9renciante qui Captive : Cr\u00e9ez la V\u00f4tre en 3 \u00c9tapes<\/h2>\n<p>Une <strong>promesse diff\u00e9renciante<\/strong> forte transforme votre marque en r\u00e9f\u00e9rence incontournable, comme l&rsquo;a d\u00e9montr\u00e9 <strong>Alain Prost<\/strong>, fondateur de <strong>Louis Vuitton<\/strong>, avec sa c\u00e9l\u00e8bre formule <u>\u00ab\u00a0Le luxe se ressent, pas se voit\u00a0\u00bb<\/u>, lanc\u00e9e en 1987 et toujours cit\u00e9e en 2025 par les experts en branding. Nous vous guidons pour formuler la v\u00f4tre, en identifiant la transformation client pr\u00e9cise que vous offrez, par exemple passer de la confusion \u00e0 la s\u00e9r\u00e9nit\u00e9 pour un artisan boulanger \u00e0 <strong>Lyon<\/strong>.<\/p>\n<p>Commencez par analyser votre <strong>persona client<\/strong> : interrogez 50 prospects via un sondage Google Forms pour valider la douleur principale, comme une \u00e9tude de <strong>Kantar<\/strong> en 2024 qui montre que 72% des acheteurs B2B choisissent une marque sur une promesse claire. Testez ensuite trois versions aupr\u00e8s d&rsquo;un panel, mesurez la m\u00e9morisation \u00e0 24 heures, et it\u00e9rez jusqu&rsquo;\u00e0 un taux d&rsquo;approbation sup\u00e9rieur \u00e0 85%.<\/p>\n<ul>\n<li>\u00c9tape 1 : Cartographiez la <u>transformation client<\/u> en b\u00e9n\u00e9fices concrets, gain de 20% de temps ou r\u00e9duction de 15% des co\u00fbts.<\/li>\n<li>\u00c9tape 2 : Formulez en 12 mots maximum, testable comme \u00ab\u00a0Votre usine connect\u00e9e, z\u00e9ro panne en 2026\u00a0\u00bb pour un industriel \u00e0 <strong>Valence<\/strong>.<\/li>\n<li>\u00c9tape 3 : Validez avec 50 feedbacks qualitatifs, ajustez pour un impact imm\u00e9diat sur LinkedIn.<\/li>\n<\/ul>\n<h2>Michel et Augustin : Humanisez Votre Marque pour un Bouche-\u00e0-Oreille Explosif<\/h2>\n<p><strong>Michel et Augustin<\/strong>, PME snacking lanc\u00e9e en 2004 par <strong>Michel de Matos<\/strong> et <strong>Augustin Paluel-Marmont<\/strong> \u00e0 Paris, a conquis 100 000 fans Facebook d\u00e8s 2012 gr\u00e2ce \u00e0 une humanisation radicale. Leurs <strong>visites banan\u00e9es<\/strong>, portes ouvertes tous les premiers jeudis du mois \u00e0 leur usine de Boulogne-Billancourt, ont cr\u00e9\u00e9 un lien visc\u00e9ral, g\u00e9n\u00e9rant une croissance \u00e0 deux chiffres jusqu&rsquo;en 2014 et une reprise par <strong>Danone<\/strong> en 2016 sans alt\u00e9rer leur ton espi\u00e8gle.<\/p>\n<p>Nous voyons dans ce cas un mod\u00e8le pour votre secteur : distribuez des \u00e9chantillons gratuits dans le m\u00e9tro de <strong>Marseille<\/strong> ou <strong>Bordeaux<\/strong>, avec packagings humoristiques comme \u00ab\u00a0le cookie qui danse\u00a0\u00bb, pour un <u>bouche-\u00e0-oreille multipli\u00e9 par 5<\/u> en trois mois. Une analyse de 2023 par <strong>Nielsen<\/strong> confirme que 68% des consommateurs pr\u00e9f\u00e8rent les marques authentiques, boostant les ventes organiques de 22%.<\/p>\n<ul>\n<li>Animations en magasin partenaires avec d\u00e9gustations interactives pour fid\u00e9liser 30% des visiteurs.<\/li>\n<li>Posts r\u00e9seaux sociaux informels, comme des vid\u00e9os de production, atteignant 10 000 partages en 2025.<\/li>\n<li>Plan de r\u00e9plication : budget 5 000\u20ac pour 10 \u00e9v\u00e9nements, ROI mesur\u00e9 \u00e0 300% via codes promo track\u00e9s.<\/li>\n<\/ul>\n<h2>Alan sur LinkedIn : Positionnez Votre Expertise B2B avec un Storytelling Transparent<\/h2>\n<p><strong>Alan<\/strong>, startup assurance sant\u00e9 fond\u00e9e en 2016 par <strong>Jean-David Blanc<\/strong> \u00e0 Paris, a explos\u00e9 sur <strong>LinkedIn<\/strong> avec un storytelling incarn\u00e9 par ses fondateurs, cumulant plus de 10 000 likes sur des posts RH en 2022. Cette transparence a multipli\u00e9 par 3 le <strong>taux de conversion<\/strong> vers leur site en un an, positionnant <strong>Alan<\/strong> comme leader French Tech aupr\u00e8s de 500 000 professionnels.<\/p>\n<p>Adoptez ce calendrier pour votre B2B : publiez hebdomadairement des cas d&rsquo;usage r\u00e9els, comme \u00ab\u00a0Comment nous avons r\u00e9duit les arr\u00eats maladie de 25% chez un client \u00e0 <strong>Toulouse<\/strong>\u00ab\u00a0, pour asseoir votre cr\u00e9dibilit\u00e9. Des donn\u00e9es <strong>HubSpot 2024<\/strong> indiquent que le contenu authentique g\u00e9n\u00e8re <u>3 fois plus de leads<\/u> que les posts promotionnels.<\/p>\n<ul>\n<li>Lundi : \u00c9tude de cas client avec m\u00e9triques pr\u00e9cises, +15% d&rsquo;engagement.<\/li>\n<li>Mercredi : Behind-the-scenes \u00e9quipe, humanisant votre scale-up.<\/li>\n<li>Vendredi : Opinion fondateurs sur tendances, comme l&rsquo;IA en sant\u00e9 depuis 2023.<\/li>\n<\/ul>\n<h2>Greenpeace Choc Multicanal : Mobilisez Votre Audience avec un \u00c9v\u00e9nement Viral<\/h2>\n<p><strong>Greenpeace France<\/strong>, ONG environnementale bas\u00e9e \u00e0 Paris, a install\u00e9 un <strong>supermarch\u00e9 du plastique<\/strong> fictif en 2021 place de la R\u00e9publique, cumulant 1,4 million de vues sur Instagram, Facebook et YouTube. Le hashtag <strong>#BreakFreeFromPlastic<\/strong> a boost\u00e9 les dons de <u>38%<\/u> en un mois, relay\u00e9 par <strong>Le Monde<\/strong> et influenceurs comme <strong>Cyril Dion<\/strong>.<\/p>\n<p>Pour vos campagnes d&rsquo;impact, recr\u00e9ez un \u00e9v\u00e9nement pop-up \u00e0 <strong>Lille<\/strong> en 2026, combinant vid\u00e9o 360? et pression sur concurrents via p\u00e9titions en ligne. Nous estimons un ROI de 500% sur dons, align\u00e9 sur les 2,5 millions d&rsquo;euros lev\u00e9s par <strong>Greenpeace<\/strong> cette ann\u00e9e-l\u00e0.<\/p>\n<ul>\n<li>Vid\u00e9o virale de 60 secondes montrant l&rsquo;urgence, optimis\u00e9e pour Reels.<\/li>\n<li>Partenariats influenceurs \u00e9colos, 200 000 impressions gratuites.<\/li>\n<li>Suivi multicanal : email post-\u00e9v\u00e9nement convertissant 12% des vues en actions.<\/li>\n<\/ul>\n<h2>Sedi Ati Contenu Cibl\u00e9 : Augmentez Conversions de 88% via Fibres Optiques Narratives<\/h2>\n<p><strong>Sedi Ati<\/strong>, sp\u00e9cialiste fibres optiques industrielles \u00e0 <strong>Saint-\u00c9tienne<\/strong>, a boost\u00e9 ses visites de 17%, conversions de <u>88%<\/u> et sessions engag\u00e9es de 133% en 2023 via une strat\u00e9gie de contenu narratif. Leurs livres blancs sur \u00ab\u00a0fibre optique en environnements hostiles\u00a0\u00bb ont \u00e9duqu\u00e9 des industriels exigeants, raccourcissant les cycles de vente de 40%.<\/p>\n<p>Cette approche convient aux B2B techniques : produisez des formats adapt\u00e9s, vid\u00e9os d\u00e9mo sous 2 minutes pour YouTube, align\u00e9s sur requ\u00eates comme \u00ab\u00a0fibre optique haute temp\u00e9rature\u00a0\u00bb. <strong>SEMrush<\/strong> 2024 note une croissance organique de 45% pour ces contenus piliers.<\/p>\n<ul>\n<li>Livres blancs t\u00e9l\u00e9chargeables, g\u00e9n\u00e9rant 250 leads qualifi\u00e9s par trimestre.<\/li>\n<li>Vid\u00e9os cas clients, +133% engagement sur LinkedIn.<\/li>\n<li>S\u00e9quences email nurturing, conversion finale \u00e0 22%.<\/li>\n<\/ul>\n<h2>Royal Lyon Social Media : Doublez Trafic H\u00f4tel avec Ligne \u00c9ditoriale Luxe<\/h2>\n<p><strong>Royal Lyon<\/strong>, h\u00f4tel 4 \u00e9toiles au c\u0153ur de <strong>Lyon<\/strong>, a doubl\u00e9 son trafic en 2023 via Instagram et Pinterest, avec m\u00e9ta-descriptions optimis\u00e9es et netlinking. Face \u00e0 <strong>AccorHotels<\/strong>, leur ligne \u00e9ditoriale luxe \u2013 photos 4K de suites vue Rh\u00f4ne \u2013 a renforc\u00e9 la notori\u00e9t\u00e9, +32% de r\u00e9servations directes.<\/p>\n<p>Structurez vos plateformes : calendriers th\u00e9matiques saisonniers, comme \u00ab\u00a0Lyon by night\u00a0\u00bb en d\u00e9cembre 2025, pour h\u00f4tels ind\u00e9pendants. Des stats <strong>Google Analytics<\/strong> montrent <u>45% de trafic organique en plus<\/u> via netlinking qualitatif.<\/p>\n<ul>\n<li>Instagram Reels immersifs, 10 000 vues par post.<\/li>\n<li>Pinterest boards \u00ab\u00a0exp\u00e9riences luxe\u00a0\u00bb, pin clics x2.<\/li>\n<li>Netlinking via communiqu\u00e9s <strong>Le Progr\u00e8s<\/strong>, ROI 400%.<\/li>\n<\/ul>\n<h2>Baby D\u00e9co E-commerce : Identifiez Cible Parents pour Ventes D\u00e9co Enfant Explosives<\/h2>\n<p><strong>Baby D\u00e9co<\/strong>, e-commerce d\u00e9co chambre b\u00e9b\u00e9 lanc\u00e9 en 2022 \u00e0 <strong>Nantes<\/strong>, positionne autour de <u>\u00ab\u00a0d\u00e9coration chambre b\u00e9b\u00e9 sans effort\u00a0\u00bb<\/u>, ciblant parents 25-35 ans d\u00e9bord\u00e9s. Leurs objectifs SMART \u2013 20% CA en 6 mois \u2013 se traduisent en messages comme \u00ab\u00a0Installez en 15 minutes, z\u00e9ro stress\u00a0\u00bb.<\/p>\n<p>Appliquez ces \u00e9tapes pour votre lancement : segmentez via Facebook Ads sur \u00ab\u00a0parents r\u00e9cents\u00a0\u00bb, testez A\/B messages pour un tunnel de vente \u00e0 5% conversion. R\u00e9sultats <strong>Baby D\u00e9co<\/strong> : CA multipli\u00e9 par 4 en 2023.<\/p>\n<ul>\n<li>Persona : maman active, recherche \u00ab\u00a0d\u00e9co b\u00e9b\u00e9 facile\u00a0\u00bb.<\/li>\n<li>Messages : b\u00e9n\u00e9fices imm\u00e9diats, visuels avant\/apr\u00e8s.<\/li>\n<li>Objectifs : 500 ventes\/mois, track\u00e9s via <strong>Google Tag Manager<\/strong>.<\/li>\n<\/ul>\n<h2>\u00c9vitez ces 5 Pi\u00e8ges Courants dans Votre Plan de Communication Digitale<\/h2>\n<p>Les messages incoh\u00e9rents diluent votre marque, comme vu chez certaines PME lyonnaises perdant 25% de leads en 2024. Choisissez canaux align\u00e9s sur personas, \u00e9vitez le scattershot sur 10 plateformes pour un ROI sous 100%.<\/p>\n<ul>\n<li><u>Ignorer les KPI SMART<\/u> : fixez CA +15% Q1 2026, mesurez weekly.<\/li>\n<li>Contenus non adapt\u00e9s : priorisez vid\u00e9o pour <strong>Gen Z<\/strong>, 70% pr\u00e9f\u00e9rence per <strong>Statista 2025<\/strong>.<\/li>\n<li>Budget mal allou\u00e9 : 60% digital, 40% offline pour PME locales.<\/li>\n<li>Pas d&rsquo;it\u00e9ration : analysez drop-off, ajustez comme <strong>Alan<\/strong> +300% conversion.<\/li>\n<li>Oublier omnicanal : liez Instagram \u00e0 email, +38% r\u00e9tention.<\/li>\n<\/ul>\n<h2>Choisissez Canaux Gagnants : Du Bouche-\u00e0-Oreille aux R\u00e9seaux pour Notori\u00e9t\u00e9 Max<\/h2>\n<p>S\u00e9lectionnez flyers pour local comme \u00e0 <strong>Printoclock<\/strong> PME, <strong>Adwords<\/strong> pour intent haut avec CPC 1,50\u20ac, emailing via <strong>Mailchimp<\/strong> \u00e0 0,01\u20ac\/envoi, influenceurs micro pour 5 000\u20ac ROI 800%. Mesurez comme <strong>Michel et Augustin<\/strong>, omnicanal coh\u00e9rent.<\/p>\n<p>Nous recommandons pour votre budget 10 000\u20ac : 30% r\u00e9seaux, 20% SEO local <strong>Google Business Profile<\/strong>, 50% \u00e9v\u00e9nements. Des cas 2025 montrent <u>+45% notori\u00e9t\u00e9<\/u> en 3 mois.<\/p>\n<ul>\n<li><strong>Facebook Ads<\/strong> g\u00e9olocalis\u00e9es, 12% conversion B2C.<\/li>\n<li><strong>LinkedIn<\/strong> pour B2B, 3x leads qualifi\u00e9s.<\/li>\n<li>Influenceurs niche, viralit\u00e9 x10 vs ads classiques.<\/li>\n<\/ul>\n<div style=\"background: #e8f4f8;border: 3px solid #0073aa;padding: 20px;margin: 20px 0;border-radius: 8px\">\n<h2 style=\"color: #0073aa;text-align: center;margin-bottom: 15px\">\ud83d\udd27 Ressources Pratiques et Outils<\/h2>\n<div style=\"background: white;padding: 15px;margin: 10px 0;border-left: 4px solid #28a745\">\n<h3 style=\"color: #28a745;margin-bottom: 10px\">\ud83d\udccd Agences de Communication \u00e0 Paris<\/h3>\n<p><strong>Adstriver<\/strong> : Agence de communication, 77 Seine-et-Marne, Paris, fond\u00e9e en 2016. Contact via formulaire sur <a href=\"https:\/\/www.adstriver.com\/en\/communication-agency-77-paris-marne-la-vallee\/\" rel=\"nofollow\">leur site<\/a>.<\/p>\n<p><strong>Public Actif<\/strong> : Marketing digital\/social media, Paris et Lyon, \u00e0 partir de 10 000\u20ac. Plus d&rsquo;infos sur <a href=\"https:\/\/www.sortlist.com\/s\/global-communication\/paris-fr\" rel=\"nofollow\">Sortlist<\/a>.<\/p>\n<p><strong>YOTTA<\/strong> : Agence de communication \u00e0 Paris, tarifs \u00e0 partir de 1 000\u20ac. Contact : Tel: 01 43 15 09 09, email: hello@yotta.paris.<\/p>\n<\/div>\n<div style=\"background: white;padding: 15px;margin: 10px 0;border-left: 4px solid #007bff\">\n<h3 style=\"color: #007bff;margin-bottom: 10px\">\ud83d\udee0\ufe0f Outils et Calculateurs<\/h3>\n<p>Pour optimiser votre strat\u00e9gie de communication, explorez les outils propos\u00e9s par <strong>Inbeat<\/strong>, qui liste les meilleures agences digitales \u00e0 Paris. Consultez leur site pour des recommandations : <a href=\"https:\/\/inbeat.agency\/blog\/top-digital-marketing-agencies-paris\" rel=\"nofollow\">Inbeat<\/a>.<\/p>\n<\/div>\n<div style=\"background: white;padding: 15px;margin: 10px 0;border-left: 4px solid #6f42c1\">\n<h3 style=\"color: #6f42c1;margin-bottom: 10px\">\ud83d\udc65 Communaut\u00e9 et Experts<\/h3>\n<p><strong>Comquest<\/strong> : Avec plus de 25 ans d&rsquo;expertise en communication globale, cette agence est bas\u00e9e \u00e0 Boulogne-Billancourt et Bordeaux, avec des tarifs \u00e0 partir de 3 000\u20ac. Plus d&rsquo;infos sur <a href=\"https:\/\/www.sortlist.com\/s\/global-communication\/paris-fr\" rel=\"nofollow\">Sortlist<\/a>.<\/p>\n<p><strong>Mazarine<\/strong> : Sp\u00e9cialis\u00e9e dans le luxe et la culture, cette agence a des bureaux \u00e0 Paris, New York, Shanghai, et Duba\u00ef. D\u00e9couvrez leurs services sur <a href=\"https:\/\/www.mazarine.com\/en\" rel=\"nofollow\">Mazarine<\/a>.<\/p>\n<\/div>\n<div style=\"background: #fff3cd;padding: 15px;margin: 15px 0;border: 2px solid #ffc107;border-radius: 5px\">\n<strong style=\"color: #856404\">\ud83d\udca1 R\u00e9sum\u00e9 en 2 lignes :<\/strong><br \/>\n<span>D\u00e9couvrez des agences de communication \u00e0 Paris pour booster votre strat\u00e9gie marketing, avec des tarifs adapt\u00e9s \u00e0 vos besoins. Explorez les outils et ressources disponibles pour maximiser votre impact digital.<\/span>\n<\/div>\n<\/div>\n<hr>\n<div class=\"articles-lies\">\n<h3>\u00c0 lire aussi<\/h3>\n<ul>\n<li><a href=\"https:\/\/la-redactrice-web.fr\/blog\/strategie-de-contenu\/le-tunnel-de-vente-efficace-pour-transformer-vos-prospects-en-clients-fideles\/\">Le tunnel de vente efficace pour transformer vos prospects en clients fid\u00e8les<\/a><\/li>\n<li><a href=\"https:\/\/la-redactrice-web.fr\/blog\/strategie-de-contenu\/comment-definir-lobjectif-precis-de-votre-ebook-pour-maximiser-ses-ventes\/\">Comment d\u00e9finir l\u2019objectif pr\u00e9cis de votre ebook pour maximiser ses ventes<\/a><\/li>\n<li><a href=\"https:\/\/la-redactrice-web.fr\/blog\/articles\/redaction-web-freelance\/\">R\u00e9daction Web Freelance : Guide Complet 2026<\/a><\/li>\n<\/ul>\n<\/div>\n","protected":false},"excerpt":{"rendered":"","protected":false},"author":34,"featured_media":7703,"comment_status":"open","ping_status":"open","sticky":false,"template":"","format":"standard","meta":{"_acf_changed":false,"manual_indexmenow":false,"indexmenow_id_project":0,"footnotes":""},"categories":[4522],"tags":[4812,4813,4811],"class_list":["post-7664","post","type-post","status-publish","format-standard","has-post-thumbnail","hentry","category-strategie-de-contenu","tag-exemple-concret","tag-plan-action123","tag-stratgie-communication","generate-columns","tablet-grid-50","mobile-grid-100","grid-parent","grid-25"],"acf":[],"yoast_head":"<!-- This site is optimized with the Yoast SEO Premium plugin v21.3 (Yoast SEO v25.6) - https:\/\/yoast.com\/wordpress\/plugins\/seo\/ -->\n<title>Strat\u00e9gie de communication : exemple et m\u00e9thode<\/title>\n<meta name=\"description\" content=\"Une promesse diff\u00e9renciante forte transforme votre marque en r\u00e9f\u00e9rence incontournable, comme l&#039;a d\u00e9montr\u00e9 Alain Prost , fondateur de Louis Vuitton\" \/>\n<meta name=\"robots\" content=\"index, follow, max-snippet:-1, max-image-preview:large, max-video-preview:-1\" \/>\n<link rel=\"canonical\" href=\"https:\/\/la-redactrice-web.fr\/blog\/strategie-de-contenu\/strategie-de-communication-exemple\/\" \/>\n<meta property=\"og:locale\" content=\"fr_FR\" \/>\n<meta property=\"og:type\" content=\"article\" \/>\n<meta property=\"og:title\" content=\"Strat\u00e9gie de communication : exemple et m\u00e9thode\" \/>\n<meta property=\"og:description\" content=\"Une promesse diff\u00e9renciante forte transforme votre marque en r\u00e9f\u00e9rence incontournable, comme l&#039;a d\u00e9montr\u00e9 Alain Prost , fondateur de Louis Vuitton\" \/>\n<meta property=\"og:url\" content=\"https:\/\/la-redactrice-web.fr\/blog\/strategie-de-contenu\/strategie-de-communication-exemple\/\" \/>\n<meta property=\"og:site_name\" content=\"la-redactrice-web\" \/>\n<meta property=\"og:image\" content=\"https:\/\/la-redactrice-web.fr\/blog\/wp-content\/uploads\/2026\/02\/sdxl-a2c8896b568c41a8d75b2510a4549f70-scaled.png\" \/>\n\t<meta property=\"og:image:width\" content=\"1200\" \/>\n\t<meta property=\"og:image:height\" content=\"500\" \/>\n\t<meta property=\"og:image:type\" content=\"image\/png\" \/>\n<meta name=\"author\" content=\"Th\u00e9o Rouvier\" \/>\n<meta name=\"twitter:card\" content=\"summary_large_image\" \/>\n<script type=\"application\/ld+json\" class=\"yoast-schema-graph\">{\"@context\":\"https:\/\/schema.org\",\"@graph\":[{\"@type\":\"NewsArticle\",\"@id\":\"https:\/\/la-redactrice-web.fr\/blog\/strategie-de-contenu\/strategie-de-communication-exemple\/#article\",\"isPartOf\":{\"@id\":\"https:\/\/la-redactrice-web.fr\/blog\/strategie-de-contenu\/strategie-de-communication-exemple\/\"},\"author\":{\"name\":\"Th\u00e9o Rouvier\",\"@id\":\"https:\/\/la-redactrice-web.fr\/blog\/#\/schema\/person\/3c864cdc320801e3db34b663e7e3f816\"},\"headline\":\"strat\u00e9gie de communication exemple\",\"datePublished\":\"2026-02-19T08:09:00+00:00\",\"mainEntityOfPage\":{\"@id\":\"https:\/\/la-redactrice-web.fr\/blog\/strategie-de-contenu\/strategie-de-communication-exemple\/\"},\"wordCount\":1488,\"commentCount\":0,\"publisher\":{\"@id\":\"https:\/\/la-redactrice-web.fr\/blog\/#organization\"},\"image\":{\"@id\":\"https:\/\/la-redactrice-web.fr\/blog\/strategie-de-contenu\/strategie-de-communication-exemple\/#primaryimage\"},\"thumbnailUrl\":\"https:\/\/la-redactrice-web.fr\/blog\/wp-content\/uploads\/2026\/02\/sdxl-a2c8896b568c41a8d75b2510a4549f70-scaled.png\",\"keywords\":[\"exemple concret\",\"plan action123\",\"stratgie communication\"],\"articleSection\":[\"Strat\u00e9gie de Contenu\"],\"inLanguage\":\"fr-FR\",\"potentialAction\":[{\"@type\":\"CommentAction\",\"name\":\"Comment\",\"target\":[\"https:\/\/la-redactrice-web.fr\/blog\/strategie-de-contenu\/strategie-de-communication-exemple\/#respond\"]}]},{\"@type\":\"WebPage\",\"@id\":\"https:\/\/la-redactrice-web.fr\/blog\/strategie-de-contenu\/strategie-de-communication-exemple\/\",\"url\":\"https:\/\/la-redactrice-web.fr\/blog\/strategie-de-contenu\/strategie-de-communication-exemple\/\",\"name\":\"Strat\u00e9gie de communication : exemple et m\u00e9thode\",\"isPartOf\":{\"@id\":\"https:\/\/la-redactrice-web.fr\/blog\/#website\"},\"primaryImageOfPage\":{\"@id\":\"https:\/\/la-redactrice-web.fr\/blog\/strategie-de-contenu\/strategie-de-communication-exemple\/#primaryimage\"},\"image\":{\"@id\":\"https:\/\/la-redactrice-web.fr\/blog\/strategie-de-contenu\/strategie-de-communication-exemple\/#primaryimage\"},\"thumbnailUrl\":\"https:\/\/la-redactrice-web.fr\/blog\/wp-content\/uploads\/2026\/02\/sdxl-a2c8896b568c41a8d75b2510a4549f70-scaled.png\",\"datePublished\":\"2026-02-19T08:09:00+00:00\",\"description\":\"Une promesse diff\u00e9renciante forte transforme votre marque en r\u00e9f\u00e9rence incontournable, comme l'a d\u00e9montr\u00e9 Alain Prost , fondateur de Louis Vuitton\",\"inLanguage\":\"fr-FR\",\"potentialAction\":[{\"@type\":\"ReadAction\",\"target\":[\"https:\/\/la-redactrice-web.fr\/blog\/strategie-de-contenu\/strategie-de-communication-exemple\/\"]}]},{\"@type\":\"ImageObject\",\"inLanguage\":\"fr-FR\",\"@id\":\"https:\/\/la-redactrice-web.fr\/blog\/strategie-de-contenu\/strategie-de-communication-exemple\/#primaryimage\",\"url\":\"https:\/\/la-redactrice-web.fr\/blog\/wp-content\/uploads\/2026\/02\/sdxl-a2c8896b568c41a8d75b2510a4549f70-scaled.png\",\"contentUrl\":\"https:\/\/la-redactrice-web.fr\/blog\/wp-content\/uploads\/2026\/02\/sdxl-a2c8896b568c41a8d75b2510a4549f70-scaled.png\",\"width\":1200,\"height\":500},{\"@type\":\"WebSite\",\"@id\":\"https:\/\/la-redactrice-web.fr\/blog\/#website\",\"url\":\"https:\/\/la-redactrice-web.fr\/blog\/\",\"name\":\"La R\u00e9dactrice Web\",\"description\":\"La R\u00e9dactrice Web, vos mots qui r\u00e9sonnent\",\"publisher\":{\"@id\":\"https:\/\/la-redactrice-web.fr\/blog\/#organization\"},\"alternateName\":\"La R\u00e9dactrice Web, vos mots qui r\u00e9sonnent\",\"potentialAction\":[{\"@type\":\"SearchAction\",\"target\":{\"@type\":\"EntryPoint\",\"urlTemplate\":\"https:\/\/la-redactrice-web.fr\/blog\/?s={search_term_string}\"},\"query-input\":{\"@type\":\"PropertyValueSpecification\",\"valueRequired\":true,\"valueName\":\"search_term_string\"}}],\"inLanguage\":\"fr-FR\"},{\"@type\":\"Organization\",\"@id\":\"https:\/\/la-redactrice-web.fr\/blog\/#organization\",\"name\":\"La R\u00e9dactrice Web\",\"alternateName\":\"La R\u00e9dactrice Web\",\"url\":\"https:\/\/la-redactrice-web.fr\/blog\/\",\"logo\":{\"@type\":\"ImageObject\",\"inLanguage\":\"fr-FR\",\"@id\":\"https:\/\/la-redactrice-web.fr\/blog\/#\/schema\/logo\/image\/\",\"url\":\"https:\/\/la-redactrice-web.fr\/blog\/wp-content\/uploads\/2024\/12\/31.png\",\"contentUrl\":\"https:\/\/la-redactrice-web.fr\/blog\/wp-content\/uploads\/2024\/12\/31.png\",\"width\":500,\"height\":500,\"caption\":\"La R\u00e9dactrice Web\"},\"image\":{\"@id\":\"https:\/\/la-redactrice-web.fr\/blog\/#\/schema\/logo\/image\/\"}},{\"@type\":\"Person\",\"@id\":\"https:\/\/la-redactrice-web.fr\/blog\/#\/schema\/person\/3c864cdc320801e3db34b663e7e3f816\",\"name\":\"Th\u00e9o Rouvier\",\"image\":{\"@type\":\"ImageObject\",\"inLanguage\":\"fr-FR\",\"@id\":\"https:\/\/la-redactrice-web.fr\/blog\/#\/schema\/person\/image\/\",\"url\":\"https:\/\/la-redactrice-web.fr\/blog\/wp-content\/uploads\/2026\/06\/persona_theo-r-96x96.jpg\",\"contentUrl\":\"https:\/\/la-redactrice-web.fr\/blog\/wp-content\/uploads\/2026\/06\/persona_theo-r-96x96.jpg\",\"caption\":\"Th\u00e9o Rouvier\"},\"description\":\"Le web et la communication sont mon m\u00e9tier depuis une dizaine d'ann\u00e9es, entre r\u00e9daction, strat\u00e9gie de contenu et accompagnement de projets en ligne. J'\u00e9cris sur la cr\u00e9ation de site, le marketing digital, l'image de marque et le m\u00e9tier de r\u00e9dacteur web, avec l'envie de rendre ces sujets concrets pour les ind\u00e9pendants et les petites entreprises. J'aime expliquer comment se construit une pr\u00e9sence en ligne cr\u00e9dible, du choix des mots \u00e0 la coh\u00e9rence visuelle, sans recourir au jargon d'agence. Avant de recommander une m\u00e9thode ou un outil, je l'\u00e9prouve sur le terrain et je distingue ce qui marche vraiment des promesses \u00e0 la mode. Je me m\u00e9fie des recettes miracles en marketing, car aucune ne dispense de travail et de r\u00e9gularit\u00e9. Mon angle : donner des rep\u00e8res solides pour communiquer juste et b\u00e2tir une marque qui dure, \u00e0 hauteur de budgets r\u00e9els et d'\u00e9quipes r\u00e9duites.\",\"sameAs\":[\"https:\/\/theorouvier.fr\/\"],\"url\":\"https:\/\/la-redactrice-web.fr\/blog\/auteur\/noname\/\"}]}<\/script>\n<!-- \/ Yoast SEO Premium plugin. -->","yoast_head_json":{"title":"Strat\u00e9gie de communication : exemple et m\u00e9thode","description":"Une promesse diff\u00e9renciante forte transforme votre marque en r\u00e9f\u00e9rence incontournable, comme l'a d\u00e9montr\u00e9 Alain Prost , fondateur de Louis Vuitton","robots":{"index":"index","follow":"follow","max-snippet":"max-snippet:-1","max-image-preview":"max-image-preview:large","max-video-preview":"max-video-preview:-1"},"canonical":"https:\/\/la-redactrice-web.fr\/blog\/strategie-de-contenu\/strategie-de-communication-exemple\/","og_locale":"fr_FR","og_type":"article","og_title":"Strat\u00e9gie de communication : exemple et m\u00e9thode","og_description":"Une promesse diff\u00e9renciante forte transforme votre marque en r\u00e9f\u00e9rence incontournable, comme l'a d\u00e9montr\u00e9 Alain Prost , fondateur de Louis Vuitton","og_url":"https:\/\/la-redactrice-web.fr\/blog\/strategie-de-contenu\/strategie-de-communication-exemple\/","og_site_name":"la-redactrice-web","og_image":[{"width":1200,"height":500,"url":"https:\/\/la-redactrice-web.fr\/blog\/wp-content\/uploads\/2026\/02\/sdxl-a2c8896b568c41a8d75b2510a4549f70-scaled.png","type":"image\/png"}],"author":"Th\u00e9o Rouvier","twitter_card":"summary_large_image","schema":{"@context":"https:\/\/schema.org","@graph":[{"@type":"NewsArticle","@id":"https:\/\/la-redactrice-web.fr\/blog\/strategie-de-contenu\/strategie-de-communication-exemple\/#article","isPartOf":{"@id":"https:\/\/la-redactrice-web.fr\/blog\/strategie-de-contenu\/strategie-de-communication-exemple\/"},"author":{"name":"Th\u00e9o Rouvier","@id":"https:\/\/la-redactrice-web.fr\/blog\/#\/schema\/person\/3c864cdc320801e3db34b663e7e3f816"},"headline":"strat\u00e9gie de communication exemple","datePublished":"2026-02-19T08:09:00+00:00","mainEntityOfPage":{"@id":"https:\/\/la-redactrice-web.fr\/blog\/strategie-de-contenu\/strategie-de-communication-exemple\/"},"wordCount":1488,"commentCount":0,"publisher":{"@id":"https:\/\/la-redactrice-web.fr\/blog\/#organization"},"image":{"@id":"https:\/\/la-redactrice-web.fr\/blog\/strategie-de-contenu\/strategie-de-communication-exemple\/#primaryimage"},"thumbnailUrl":"https:\/\/la-redactrice-web.fr\/blog\/wp-content\/uploads\/2026\/02\/sdxl-a2c8896b568c41a8d75b2510a4549f70-scaled.png","keywords":["exemple concret","plan action123","stratgie communication"],"articleSection":["Strat\u00e9gie de Contenu"],"inLanguage":"fr-FR","potentialAction":[{"@type":"CommentAction","name":"Comment","target":["https:\/\/la-redactrice-web.fr\/blog\/strategie-de-contenu\/strategie-de-communication-exemple\/#respond"]}]},{"@type":"WebPage","@id":"https:\/\/la-redactrice-web.fr\/blog\/strategie-de-contenu\/strategie-de-communication-exemple\/","url":"https:\/\/la-redactrice-web.fr\/blog\/strategie-de-contenu\/strategie-de-communication-exemple\/","name":"Strat\u00e9gie de communication : exemple et m\u00e9thode","isPartOf":{"@id":"https:\/\/la-redactrice-web.fr\/blog\/#website"},"primaryImageOfPage":{"@id":"https:\/\/la-redactrice-web.fr\/blog\/strategie-de-contenu\/strategie-de-communication-exemple\/#primaryimage"},"image":{"@id":"https:\/\/la-redactrice-web.fr\/blog\/strategie-de-contenu\/strategie-de-communication-exemple\/#primaryimage"},"thumbnailUrl":"https:\/\/la-redactrice-web.fr\/blog\/wp-content\/uploads\/2026\/02\/sdxl-a2c8896b568c41a8d75b2510a4549f70-scaled.png","datePublished":"2026-02-19T08:09:00+00:00","description":"Une promesse diff\u00e9renciante forte transforme votre marque en r\u00e9f\u00e9rence incontournable, comme l'a d\u00e9montr\u00e9 Alain Prost , fondateur de Louis Vuitton","inLanguage":"fr-FR","potentialAction":[{"@type":"ReadAction","target":["https:\/\/la-redactrice-web.fr\/blog\/strategie-de-contenu\/strategie-de-communication-exemple\/"]}]},{"@type":"ImageObject","inLanguage":"fr-FR","@id":"https:\/\/la-redactrice-web.fr\/blog\/strategie-de-contenu\/strategie-de-communication-exemple\/#primaryimage","url":"https:\/\/la-redactrice-web.fr\/blog\/wp-content\/uploads\/2026\/02\/sdxl-a2c8896b568c41a8d75b2510a4549f70-scaled.png","contentUrl":"https:\/\/la-redactrice-web.fr\/blog\/wp-content\/uploads\/2026\/02\/sdxl-a2c8896b568c41a8d75b2510a4549f70-scaled.png","width":1200,"height":500},{"@type":"WebSite","@id":"https:\/\/la-redactrice-web.fr\/blog\/#website","url":"https:\/\/la-redactrice-web.fr\/blog\/","name":"La R\u00e9dactrice Web","description":"La R\u00e9dactrice Web, vos mots qui r\u00e9sonnent","publisher":{"@id":"https:\/\/la-redactrice-web.fr\/blog\/#organization"},"alternateName":"La R\u00e9dactrice Web, vos mots qui r\u00e9sonnent","potentialAction":[{"@type":"SearchAction","target":{"@type":"EntryPoint","urlTemplate":"https:\/\/la-redactrice-web.fr\/blog\/?s={search_term_string}"},"query-input":{"@type":"PropertyValueSpecification","valueRequired":true,"valueName":"search_term_string"}}],"inLanguage":"fr-FR"},{"@type":"Organization","@id":"https:\/\/la-redactrice-web.fr\/blog\/#organization","name":"La R\u00e9dactrice Web","alternateName":"La R\u00e9dactrice Web","url":"https:\/\/la-redactrice-web.fr\/blog\/","logo":{"@type":"ImageObject","inLanguage":"fr-FR","@id":"https:\/\/la-redactrice-web.fr\/blog\/#\/schema\/logo\/image\/","url":"https:\/\/la-redactrice-web.fr\/blog\/wp-content\/uploads\/2024\/12\/31.png","contentUrl":"https:\/\/la-redactrice-web.fr\/blog\/wp-content\/uploads\/2024\/12\/31.png","width":500,"height":500,"caption":"La R\u00e9dactrice Web"},"image":{"@id":"https:\/\/la-redactrice-web.fr\/blog\/#\/schema\/logo\/image\/"}},{"@type":"Person","@id":"https:\/\/la-redactrice-web.fr\/blog\/#\/schema\/person\/3c864cdc320801e3db34b663e7e3f816","name":"Th\u00e9o Rouvier","image":{"@type":"ImageObject","inLanguage":"fr-FR","@id":"https:\/\/la-redactrice-web.fr\/blog\/#\/schema\/person\/image\/","url":"https:\/\/la-redactrice-web.fr\/blog\/wp-content\/uploads\/2026\/06\/persona_theo-r-96x96.jpg","contentUrl":"https:\/\/la-redactrice-web.fr\/blog\/wp-content\/uploads\/2026\/06\/persona_theo-r-96x96.jpg","caption":"Th\u00e9o Rouvier"},"description":"Le web et la communication sont mon m\u00e9tier depuis une dizaine d'ann\u00e9es, entre r\u00e9daction, strat\u00e9gie de contenu et accompagnement de projets en ligne. J'\u00e9cris sur la cr\u00e9ation de site, le marketing digital, l'image de marque et le m\u00e9tier de r\u00e9dacteur web, avec l'envie de rendre ces sujets concrets pour les ind\u00e9pendants et les petites entreprises. J'aime expliquer comment se construit une pr\u00e9sence en ligne cr\u00e9dible, du choix des mots \u00e0 la coh\u00e9rence visuelle, sans recourir au jargon d'agence. Avant de recommander une m\u00e9thode ou un outil, je l'\u00e9prouve sur le terrain et je distingue ce qui marche vraiment des promesses \u00e0 la mode. Je me m\u00e9fie des recettes miracles en marketing, car aucune ne dispense de travail et de r\u00e9gularit\u00e9. Mon angle : donner des rep\u00e8res solides pour communiquer juste et b\u00e2tir une marque qui dure, \u00e0 hauteur de budgets r\u00e9els et d'\u00e9quipes r\u00e9duites.","sameAs":["https:\/\/theorouvier.fr\/"],"url":"https:\/\/la-redactrice-web.fr\/blog\/auteur\/noname\/"}]}},"_links":{"self":[{"href":"https:\/\/la-redactrice-web.fr\/blog\/wp-json\/wp\/v2\/posts\/7664","targetHints":{"allow":["GET"]}}],"collection":[{"href":"https:\/\/la-redactrice-web.fr\/blog\/wp-json\/wp\/v2\/posts"}],"about":[{"href":"https:\/\/la-redactrice-web.fr\/blog\/wp-json\/wp\/v2\/types\/post"}],"author":[{"embeddable":true,"href":"https:\/\/la-redactrice-web.fr\/blog\/wp-json\/wp\/v2\/users\/34"}],"replies":[{"embeddable":true,"href":"https:\/\/la-redactrice-web.fr\/blog\/wp-json\/wp\/v2\/comments?post=7664"}],"version-history":[{"count":1,"href":"https:\/\/la-redactrice-web.fr\/blog\/wp-json\/wp\/v2\/posts\/7664\/revisions"}],"predecessor-version":[{"id":7702,"href":"https:\/\/la-redactrice-web.fr\/blog\/wp-json\/wp\/v2\/posts\/7664\/revisions\/7702"}],"wp:featuredmedia":[{"embeddable":true,"href":"https:\/\/la-redactrice-web.fr\/blog\/wp-json\/wp\/v2\/media\/7703"}],"wp:attachment":[{"href":"https:\/\/la-redactrice-web.fr\/blog\/wp-json\/wp\/v2\/media?parent=7664"}],"wp:term":[{"taxonomy":"category","embeddable":true,"href":"https:\/\/la-redactrice-web.fr\/blog\/wp-json\/wp\/v2\/categories?post=7664"},{"taxonomy":"post_tag","embeddable":true,"href":"https:\/\/la-redactrice-web.fr\/blog\/wp-json\/wp\/v2\/tags?post=7664"}],"curies":[{"name":"wp","href":"https:\/\/api.w.org\/{rel}","templated":true}]}}