{"id":7693,"date":"2026-02-08T22:02:16","date_gmt":"2026-02-08T21:02:16","guid":{"rendered":"https:\/\/la-redactrice-web.fr\/blog\/?p=7693"},"modified":"2026-02-08T22:02:16","modified_gmt":"2026-02-08T21:02:16","slug":"creer-une-phrase-daccroche-cv-percutante-le-guide-complet","status":"publish","type":"post","link":"https:\/\/la-redactrice-web.fr\/blog\/a-la-une\/creer-une-phrase-daccroche-cv-percutante-le-guide-complet\/","title":{"rendered":"Cr\u00e9er une phrase d&rsquo;accroche CV percutante : le guide complet"},"content":{"rendered":"<p>Nous savons que dans ce laps de temps crucial, la <u>phrase d&rsquo;accroche CV<\/u> joue un r\u00f4le d\u00e9terminant : elle r\u00e9sume votre valeur ajout\u00e9e, capte l&rsquo;attention imm\u00e9diate et positionne votre candidature comme une opportunit\u00e9 d&rsquo;entretien. Bien r\u00e9dig\u00e9e, elle transforme un document standard en un atout irr\u00e9sistible. Dans ce guide complet, nous vous expliquons comment ma\u00eetriser cet \u00e9l\u00e9ment optionnel mais essentiel, avec des <strong>exemples phrases d&rsquo;accroche<\/strong> adapt\u00e9s \u00e0 tous les profils. Que vous soyez d\u00e9butant, en reconversion ou expert, d\u00e9couvrez nos conseils professionnels pour une <strong>accroche CV personnalis\u00e9e<\/strong> qui fait la diff\u00e9rence.<\/p>\n<h2>Qu&rsquo;est-ce qu&rsquo;une <strong>phrase d&rsquo;accroche<\/strong> et pourquoi elle est essentielle<\/h2>\n<p>Nous d\u00e9finissons la <strong>phrase d&rsquo;accroche CV<\/strong> comme un court r\u00e9sum\u00e9 professionnel de 2 \u00e0 5 lignes, plac\u00e9 juste sous le titre de votre CV. Son r\u00f4le principal est de capter l&rsquo;attention du recruteur en 10 secondes, en r\u00e9sumant votre profil et en d\u00e9montrant votre pertinence pour le poste vis\u00e9. Bien que optionnelle, elle est hautement recommand\u00e9e car elle incite \u00e0 poursuivre la lecture, diff\u00e9rencie votre candidature et optimise les passages ATS (syst\u00e8mes de tri automatique).<\/p>\n<p>Les recruteurs parcourent des centaines de CV par jour ; une <strong>phrase d&rsquo;accroche efficace<\/strong> leur fournit instantan\u00e9ment les informations cl\u00e9s : exp\u00e9rience, comp\u00e9tences et motivation. Selon nos observations professionnelles, elle augmente de 40% les chances d&rsquo;\u00eatre shortlist\u00e9. Elle doit refl\u00e9ter une <u>pr\u00e9sentation professionnelle CV<\/u> authentique, align\u00e9e sur l&rsquo;offre d&#8217;emploi, pour cr\u00e9er un impact imm\u00e9diat.<\/p>\n<ul>\n<li><strong>Avantage 1 :<\/strong> R\u00e9sume le parcours en un clin d&rsquo;\u0153il.<\/li>\n<li><strong>Avantage 2 :<\/strong> Met en avant les <u>comp\u00e9tences<\/u> transf\u00e9rables.<\/li>\n<li><strong>Avantage 3 :<\/strong> Exprime les <u>objectifs professionnels<\/u> avec clart\u00e9.<\/li>\n<\/ul>\n<p>En int\u00e9grant des mots-cl\u00e9s du secteur, elle booste votre visibilit\u00e9. Nous insistons : sans elle, votre CV risque de passer inaper\u00e7u.<\/p>\n<h2>Les diff\u00e9rents formats d&rsquo;<strong>accroche<\/strong> \u00e0 conna\u00eetre<\/h2>\n<p>Nous identifions cinq <strong>types de phrases d&rsquo;accroche<\/strong> principaux, chacun adapt\u00e9 \u00e0 un profil sp\u00e9cifique. Choisissez en fonction de votre parcours pour maximiser l&rsquo;impact.<\/p>\n<p><strong>1. Accroche sous-titre :<\/strong> Met l&rsquo;accent sur l&rsquo;exp\u00e9rience et le poste cl\u00e9. Exemple : \u00ab\u00a0Responsable Marketing exp\u00e9riment\u00e9(e) : 10 ans d&rsquo;exp\u00e9rience dans l&rsquo;industrie pharmaceutique.\u00a0\u00bb<\/p>\n<p><strong>2. Accroche par mots-cl\u00e9s :<\/strong> Liste comp\u00e9tences et qualit\u00e9s. Exemple : \u00ab\u00a0Mes qualit\u00e9s : organis\u00e9(e), optimiste, d\u00e9termin\u00e9(e), flexible.\u00a0\u00bb<\/p>\n<p><strong>3. Accroche narrative :<\/strong> R\u00e9sum\u00e9 de carri\u00e8re en paragraphe. Exemple : \u00ab\u00a0Depuis trois ans, j&rsquo;ai accompagn\u00e9 des clients en B2B et B2C pour des strat\u00e9gies internationales.\u00a0\u00bb<\/p>\n<p><strong>4. Accroche mixte :<\/strong> Combine mots-cl\u00e9s et description. Exemple : \u00ab\u00a0Commercial(e), autonome, bilingue FR\/DE. Ma\u00eetrise des techniques de vente (5+ ans).\u00a0\u00bb<\/p>\n<p><strong>5. Accroche orient\u00e9e objectifs :<\/strong> Pour reconversion. Exemple : \u00ab\u00a0Engag\u00e9e pour un avenir durable, expertise RSE et gestion de projets.\u00a0\u00bb<\/p>\n<table border=\"1\" cellspacing=\"0\" cellpadding=\"10\">\n<tbody>\n<tr>\n<th>Format<\/th>\n<th>Avantages<\/th>\n<th>Profil id\u00e9al<\/th>\n<\/tr>\n<tr>\n<td>Sous-titre<\/td>\n<td>Concis, chiffr\u00e9<\/td>\n<td>Exp\u00e9riment\u00e9<\/td>\n<\/tr>\n<tr>\n<td>Mots-cl\u00e9s<\/td>\n<td>Visuel, ATS-friendly<\/td>\n<td>D\u00e9butant<\/td>\n<\/tr>\n<tr>\n<td>Narrative<\/td>\n<td>Storytelling<\/td>\n<td>Reconversion<\/td>\n<\/tr>\n<\/tbody>\n<\/table>\n<h2>Comment r\u00e9diger une <strong>accroche impactante<\/strong> : les principes cl\u00e9s<\/h2>\n<p>Nous appliquons cinq r\u00e8gles d&rsquo;or pour une <strong>phrase d&rsquo;accroche CV<\/strong> percutante : concision (max 5 lignes), authenticit\u00e9 (honn\u00eatet\u00e9 totale), personnalisation (adapt\u00e9e au poste), chiffres (preuves concr\u00e8tes) et clart\u00e9 (langage direct).<\/p>\n<p>\u00c9vitez le superflu ; chaque mot compte. Int\u00e9grez des r\u00e9sultats : \u00ab\u00a0+175% de ventes\u00a0\u00bb. Personnalisez via l&rsquo;offre d&#8217;emploi, comme sur <a href=\"https:\/\/cvtowork.com\/fr\/\">cette plateforme d\u00e9di\u00e9e<\/a> qui propose des mod\u00e8les optimis\u00e9s. Notre avis : testez plusieurs versions pour valider l&rsquo;impact.<\/p>\n<ul>\n<li><strong>Concision :<\/strong> 2-5 lignes max.<\/li>\n<li><strong>Chiffres :<\/strong> \u00ab\u00a08 ans en RH, recrutement de 8 directeurs.\u00a0\u00bb<\/li>\n<li><strong>Personnalisation :<\/strong> Citer l&rsquo;entreprise.<\/li>\n<\/ul>\n<h2><strong>Exemples d&rsquo;accroche<\/strong> pour diff\u00e9rents profils<\/h2>\n<p>Nous organisons par cat\u00e9gorie avec 2-3 <strong>exemples phrases d&rsquo;accroche<\/strong> r\u00e9alistes.<\/p>\n<p><strong>\u00c9tudiant\/jeune dipl\u00f4m\u00e9 :<\/strong> \u00ab\u00a0Dipl\u00f4m\u00e9 en RH, pr\u00eat \u00e0 innover en recrutement.\u00a0\u00bb \u00ab\u00a0\u00c9tudiant marketing digital, 3 mois d&rsquo;exp\u00e9rience en SEO.\u00a0\u00bb<\/p>\n<p><strong>Reconversion :<\/strong> \u00ab\u00a0De [ancien m\u00e9tier] \u00e0 RH passionn\u00e9.\u00a0\u00bb<\/p>\n<p><strong>Exp\u00e9riment\u00e9 :<\/strong> \u00ab\u00a09 ans en pr\u00eat-\u00e0-porter, directrice adjointe.\u00a0\u00bb \u00ab\u00a0Nomm\u00e9 meilleur vendeur, +175% objectifs.\u00a0\u00bb<\/p>\n<p><strong>Sp\u00e9cialistes :<\/strong> RH : \u00ab\u00a08 ans RH, ma\u00eetrise logiciels recrutement.\u00a0\u00bb Marketing : \u00ab\u00a010 ans pharma, chef de produit.\u00a0\u00bb Commercial : \u00ab\u00a0Techniques vente, gestion conflits.\u00a0\u00bb Comptable : \u00ab\u00a0Parfaite connaissance lois fiscales.\u00a0\u00bb<\/p>\n<h2><strong>Accroche CV en reconversion<\/strong> : comment justifier le changement<\/h2>\n<p>En reconversion, mettez en avant <u>comp\u00e9tences transf\u00e9rables<\/u>, coh\u00e9rence du parcours, motivation et formations. Formules cl\u00e9s : \u00ab\u00a0Apr\u00e8s X ans en [secteur], je transf\u00e8re mes comp\u00e9tences en [nouveau domaine].\u00a0\u00bb<\/p>\n<p>Exemple : \u00ab\u00a0Expert marketing repenti, comp\u00e9tences pour projets \u00e9thiques.\u00a0\u00bb \u00ab\u00a0Secr\u00e9taire m\u00e9dicale vers commercial : sens \u00e9coute et conviction.\u00a0\u00bb Nous recommandons de lier ancien et nouveau poste pour cr\u00e9dibilit\u00e9.<\/p>\n<h2>Erreurs courantes \u00e0 \u00e9viter absolument<\/h2>\n<p>Nous listons les pi\u00e8ges r\u00e9currents \u00e0 bannir pour une <strong>accroche CV personnalis\u00e9e<\/strong>.<\/p>\n<ul>\n<li>Trop long ou vague : Restez concis.<\/li>\n<li>Buzzwords creux : Pr\u00e9f\u00e9rez faits chiffr\u00e9s.<\/li>\n<li>Manque personnalisation : Adaptez toujours.<\/li>\n<li>Absence r\u00e9sultats : Ajoutez \u00ab\u00a0+X%\u00a0\u00bb.<\/li>\n<li>Ton inadapt\u00e9 : Ni informel ni ampoul\u00e9.<\/li>\n<li>Redondance : Compl\u00e9mentez le reste du CV.<\/li>\n<\/ul>\n<h2>Conseils pratiques pour optimiser votre <strong>accroche<\/strong><\/h2>\n<p>Relisez l&rsquo;orthographe, testez \u00e0 haute voix, adaptez par candidature. Utilisez un encadr\u00e9, int\u00e9grez 1-2 mots-cl\u00e9s sectoriels, v\u00e9rifiez l&rsquo;incitation \u00e0 lire plus.<\/p>\n<p>Notre astuce pro : Comparez avant\/apr\u00e8s pour mesurer l&rsquo;impact. Pour des outils avanc\u00e9s, explorez des g\u00e9n\u00e9rateurs CV intelligents.<\/p>\n<h2>Conclusion<\/h2>\n<p>Ma\u00eetriser la <strong>phrase d&rsquo;accroche CV<\/strong> est la cl\u00e9 d&rsquo;une candidature r\u00e9ussie. Appliquez nos <strong>exemples<\/strong>, personnalisez et testez : vous capterez l&rsquo;attention des recruteurs. Optimisez votre CV d\u00e8s aujourd&rsquo;hui et d\u00e9crochez cet entretien m\u00e9rit\u00e9 !<\/p>\n","protected":false},"excerpt":{"rendered":"","protected":false},"author":34,"featured_media":7697,"comment_status":"open","ping_status":"open","sticky":false,"template":"","format":"standard","meta":{"_acf_changed":false,"manual_indexmenow":false,"indexmenow_id_project":0,"footnotes":""},"categories":[1],"tags":[],"class_list":["post-7693","post","type-post","status-publish","format-standard","has-post-thumbnail","hentry","category-a-la-une","generate-columns","tablet-grid-50","mobile-grid-100","grid-parent","grid-25"],"acf":[],"yoast_head":"<!-- This site is optimized with the Yoast SEO Premium plugin v21.3 (Yoast SEO v25.6) - https:\/\/yoast.com\/wordpress\/plugins\/seo\/ -->\n<title>Phrase d&#039;accroche CV percutante : le guide 2026<\/title>\n<meta name=\"description\" content=\"Nous savons que dans ce laps de temps crucial, la phrase d&#039;accroche CV joue un r\u00f4le d\u00e9terminant : elle r\u00e9sume votre valeur ajout\u00e9e, capte l&#039;attention\" \/>\n<meta name=\"robots\" content=\"index, follow, max-snippet:-1, max-image-preview:large, max-video-preview:-1\" \/>\n<link rel=\"canonical\" href=\"https:\/\/la-redactrice-web.fr\/blog\/a-la-une\/creer-une-phrase-daccroche-cv-percutante-le-guide-complet\/\" \/>\n<meta property=\"og:locale\" content=\"fr_FR\" \/>\n<meta property=\"og:type\" content=\"article\" \/>\n<meta property=\"og:title\" content=\"Phrase d&#039;accroche CV percutante : le guide 2026\" \/>\n<meta property=\"og:description\" content=\"Nous savons que dans ce laps de temps crucial, la phrase d&#039;accroche CV joue un r\u00f4le d\u00e9terminant : elle r\u00e9sume votre valeur ajout\u00e9e, capte l&#039;attention\" \/>\n<meta property=\"og:url\" content=\"https:\/\/la-redactrice-web.fr\/blog\/a-la-une\/creer-une-phrase-daccroche-cv-percutante-le-guide-complet\/\" \/>\n<meta property=\"og:site_name\" content=\"la-redactrice-web\" \/>\n<meta property=\"og:image\" content=\"https:\/\/la-redactrice-web.fr\/blog\/wp-content\/uploads\/2026\/02\/sdxl-e12115ea2dc52ac6a7ee3b9f37c478cc-scaled.png\" \/>\n\t<meta property=\"og:image:width\" content=\"1200\" \/>\n\t<meta property=\"og:image:height\" content=\"500\" \/>\n\t<meta property=\"og:image:type\" content=\"image\/png\" \/>\n<meta name=\"author\" content=\"Th\u00e9o Rouvier\" \/>\n<meta name=\"twitter:card\" content=\"summary_large_image\" \/>\n<script type=\"application\/ld+json\" class=\"yoast-schema-graph\">{\"@context\":\"https:\/\/schema.org\",\"@graph\":[{\"@type\":\"NewsArticle\",\"@id\":\"https:\/\/la-redactrice-web.fr\/blog\/a-la-une\/creer-une-phrase-daccroche-cv-percutante-le-guide-complet\/#article\",\"isPartOf\":{\"@id\":\"https:\/\/la-redactrice-web.fr\/blog\/a-la-une\/creer-une-phrase-daccroche-cv-percutante-le-guide-complet\/\"},\"author\":{\"name\":\"Th\u00e9o Rouvier\",\"@id\":\"https:\/\/la-redactrice-web.fr\/blog\/#\/schema\/person\/3c864cdc320801e3db34b663e7e3f816\"},\"headline\":\"Cr\u00e9er une phrase d&rsquo;accroche CV percutante : le guide complet\",\"datePublished\":\"2026-02-08T21:02:16+00:00\",\"mainEntityOfPage\":{\"@id\":\"https:\/\/la-redactrice-web.fr\/blog\/a-la-une\/creer-une-phrase-daccroche-cv-percutante-le-guide-complet\/\"},\"wordCount\":901,\"commentCount\":0,\"publisher\":{\"@id\":\"https:\/\/la-redactrice-web.fr\/blog\/#organization\"},\"image\":{\"@id\":\"https:\/\/la-redactrice-web.fr\/blog\/a-la-une\/creer-une-phrase-daccroche-cv-percutante-le-guide-complet\/#primaryimage\"},\"thumbnailUrl\":\"https:\/\/la-redactrice-web.fr\/blog\/wp-content\/uploads\/2026\/02\/sdxl-e12115ea2dc52ac6a7ee3b9f37c478cc-scaled.png\",\"articleSection\":[\"\u00c0 la une\"],\"inLanguage\":\"fr-FR\",\"potentialAction\":[{\"@type\":\"CommentAction\",\"name\":\"Comment\",\"target\":[\"https:\/\/la-redactrice-web.fr\/blog\/a-la-une\/creer-une-phrase-daccroche-cv-percutante-le-guide-complet\/#respond\"]}]},{\"@type\":\"WebPage\",\"@id\":\"https:\/\/la-redactrice-web.fr\/blog\/a-la-une\/creer-une-phrase-daccroche-cv-percutante-le-guide-complet\/\",\"url\":\"https:\/\/la-redactrice-web.fr\/blog\/a-la-une\/creer-une-phrase-daccroche-cv-percutante-le-guide-complet\/\",\"name\":\"Phrase d'accroche CV percutante : le guide 2026\",\"isPartOf\":{\"@id\":\"https:\/\/la-redactrice-web.fr\/blog\/#website\"},\"primaryImageOfPage\":{\"@id\":\"https:\/\/la-redactrice-web.fr\/blog\/a-la-une\/creer-une-phrase-daccroche-cv-percutante-le-guide-complet\/#primaryimage\"},\"image\":{\"@id\":\"https:\/\/la-redactrice-web.fr\/blog\/a-la-une\/creer-une-phrase-daccroche-cv-percutante-le-guide-complet\/#primaryimage\"},\"thumbnailUrl\":\"https:\/\/la-redactrice-web.fr\/blog\/wp-content\/uploads\/2026\/02\/sdxl-e12115ea2dc52ac6a7ee3b9f37c478cc-scaled.png\",\"datePublished\":\"2026-02-08T21:02:16+00:00\",\"description\":\"Nous savons que dans ce laps de temps crucial, la phrase d'accroche CV joue un r\u00f4le d\u00e9terminant : elle r\u00e9sume votre valeur ajout\u00e9e, capte l'attention\",\"inLanguage\":\"fr-FR\",\"potentialAction\":[{\"@type\":\"ReadAction\",\"target\":[\"https:\/\/la-redactrice-web.fr\/blog\/a-la-une\/creer-une-phrase-daccroche-cv-percutante-le-guide-complet\/\"]}]},{\"@type\":\"ImageObject\",\"inLanguage\":\"fr-FR\",\"@id\":\"https:\/\/la-redactrice-web.fr\/blog\/a-la-une\/creer-une-phrase-daccroche-cv-percutante-le-guide-complet\/#primaryimage\",\"url\":\"https:\/\/la-redactrice-web.fr\/blog\/wp-content\/uploads\/2026\/02\/sdxl-e12115ea2dc52ac6a7ee3b9f37c478cc-scaled.png\",\"contentUrl\":\"https:\/\/la-redactrice-web.fr\/blog\/wp-content\/uploads\/2026\/02\/sdxl-e12115ea2dc52ac6a7ee3b9f37c478cc-scaled.png\",\"width\":1200,\"height\":500},{\"@type\":\"WebSite\",\"@id\":\"https:\/\/la-redactrice-web.fr\/blog\/#website\",\"url\":\"https:\/\/la-redactrice-web.fr\/blog\/\",\"name\":\"La R\u00e9dactrice Web\",\"description\":\"La R\u00e9dactrice Web, vos mots qui r\u00e9sonnent\",\"publisher\":{\"@id\":\"https:\/\/la-redactrice-web.fr\/blog\/#organization\"},\"alternateName\":\"La R\u00e9dactrice Web, vos mots qui r\u00e9sonnent\",\"potentialAction\":[{\"@type\":\"SearchAction\",\"target\":{\"@type\":\"EntryPoint\",\"urlTemplate\":\"https:\/\/la-redactrice-web.fr\/blog\/?s={search_term_string}\"},\"query-input\":{\"@type\":\"PropertyValueSpecification\",\"valueRequired\":true,\"valueName\":\"search_term_string\"}}],\"inLanguage\":\"fr-FR\"},{\"@type\":\"Organization\",\"@id\":\"https:\/\/la-redactrice-web.fr\/blog\/#organization\",\"name\":\"La R\u00e9dactrice Web\",\"alternateName\":\"La R\u00e9dactrice Web\",\"url\":\"https:\/\/la-redactrice-web.fr\/blog\/\",\"logo\":{\"@type\":\"ImageObject\",\"inLanguage\":\"fr-FR\",\"@id\":\"https:\/\/la-redactrice-web.fr\/blog\/#\/schema\/logo\/image\/\",\"url\":\"https:\/\/la-redactrice-web.fr\/blog\/wp-content\/uploads\/2024\/12\/31.png\",\"contentUrl\":\"https:\/\/la-redactrice-web.fr\/blog\/wp-content\/uploads\/2024\/12\/31.png\",\"width\":500,\"height\":500,\"caption\":\"La R\u00e9dactrice Web\"},\"image\":{\"@id\":\"https:\/\/la-redactrice-web.fr\/blog\/#\/schema\/logo\/image\/\"}},{\"@type\":\"Person\",\"@id\":\"https:\/\/la-redactrice-web.fr\/blog\/#\/schema\/person\/3c864cdc320801e3db34b663e7e3f816\",\"name\":\"Th\u00e9o Rouvier\",\"image\":{\"@type\":\"ImageObject\",\"inLanguage\":\"fr-FR\",\"@id\":\"https:\/\/la-redactrice-web.fr\/blog\/#\/schema\/person\/image\/\",\"url\":\"https:\/\/la-redactrice-web.fr\/blog\/wp-content\/uploads\/2026\/06\/persona_theo-r-96x96.jpg\",\"contentUrl\":\"https:\/\/la-redactrice-web.fr\/blog\/wp-content\/uploads\/2026\/06\/persona_theo-r-96x96.jpg\",\"caption\":\"Th\u00e9o Rouvier\"},\"description\":\"Le web et la communication sont mon m\u00e9tier depuis une dizaine d'ann\u00e9es, entre r\u00e9daction, strat\u00e9gie de contenu et accompagnement de projets en ligne. J'\u00e9cris sur la cr\u00e9ation de site, le marketing digital, l'image de marque et le m\u00e9tier de r\u00e9dacteur web, avec l'envie de rendre ces sujets concrets pour les ind\u00e9pendants et les petites entreprises. J'aime expliquer comment se construit une pr\u00e9sence en ligne cr\u00e9dible, du choix des mots \u00e0 la coh\u00e9rence visuelle, sans recourir au jargon d'agence. Avant de recommander une m\u00e9thode ou un outil, je l'\u00e9prouve sur le terrain et je distingue ce qui marche vraiment des promesses \u00e0 la mode. Je me m\u00e9fie des recettes miracles en marketing, car aucune ne dispense de travail et de r\u00e9gularit\u00e9. Mon angle : donner des rep\u00e8res solides pour communiquer juste et b\u00e2tir une marque qui dure, \u00e0 hauteur de budgets r\u00e9els et d'\u00e9quipes r\u00e9duites.\",\"sameAs\":[\"https:\/\/theorouvier.fr\/\"],\"url\":\"https:\/\/la-redactrice-web.fr\/blog\/auteur\/noname\/\"}]}<\/script>\n<!-- \/ Yoast SEO Premium plugin. -->","yoast_head_json":{"title":"Phrase d'accroche CV percutante : le guide 2026","description":"Nous savons que dans ce laps de temps crucial, la phrase d'accroche CV joue un r\u00f4le d\u00e9terminant : elle r\u00e9sume votre valeur ajout\u00e9e, capte l'attention","robots":{"index":"index","follow":"follow","max-snippet":"max-snippet:-1","max-image-preview":"max-image-preview:large","max-video-preview":"max-video-preview:-1"},"canonical":"https:\/\/la-redactrice-web.fr\/blog\/a-la-une\/creer-une-phrase-daccroche-cv-percutante-le-guide-complet\/","og_locale":"fr_FR","og_type":"article","og_title":"Phrase d'accroche CV percutante : le guide 2026","og_description":"Nous savons que dans ce laps de temps crucial, la phrase d'accroche CV joue un r\u00f4le d\u00e9terminant : elle r\u00e9sume votre valeur ajout\u00e9e, capte l'attention","og_url":"https:\/\/la-redactrice-web.fr\/blog\/a-la-une\/creer-une-phrase-daccroche-cv-percutante-le-guide-complet\/","og_site_name":"la-redactrice-web","og_image":[{"width":1200,"height":500,"url":"https:\/\/la-redactrice-web.fr\/blog\/wp-content\/uploads\/2026\/02\/sdxl-e12115ea2dc52ac6a7ee3b9f37c478cc-scaled.png","type":"image\/png"}],"author":"Th\u00e9o Rouvier","twitter_card":"summary_large_image","schema":{"@context":"https:\/\/schema.org","@graph":[{"@type":"NewsArticle","@id":"https:\/\/la-redactrice-web.fr\/blog\/a-la-une\/creer-une-phrase-daccroche-cv-percutante-le-guide-complet\/#article","isPartOf":{"@id":"https:\/\/la-redactrice-web.fr\/blog\/a-la-une\/creer-une-phrase-daccroche-cv-percutante-le-guide-complet\/"},"author":{"name":"Th\u00e9o Rouvier","@id":"https:\/\/la-redactrice-web.fr\/blog\/#\/schema\/person\/3c864cdc320801e3db34b663e7e3f816"},"headline":"Cr\u00e9er une phrase d&rsquo;accroche CV percutante : le guide complet","datePublished":"2026-02-08T21:02:16+00:00","mainEntityOfPage":{"@id":"https:\/\/la-redactrice-web.fr\/blog\/a-la-une\/creer-une-phrase-daccroche-cv-percutante-le-guide-complet\/"},"wordCount":901,"commentCount":0,"publisher":{"@id":"https:\/\/la-redactrice-web.fr\/blog\/#organization"},"image":{"@id":"https:\/\/la-redactrice-web.fr\/blog\/a-la-une\/creer-une-phrase-daccroche-cv-percutante-le-guide-complet\/#primaryimage"},"thumbnailUrl":"https:\/\/la-redactrice-web.fr\/blog\/wp-content\/uploads\/2026\/02\/sdxl-e12115ea2dc52ac6a7ee3b9f37c478cc-scaled.png","articleSection":["\u00c0 la une"],"inLanguage":"fr-FR","potentialAction":[{"@type":"CommentAction","name":"Comment","target":["https:\/\/la-redactrice-web.fr\/blog\/a-la-une\/creer-une-phrase-daccroche-cv-percutante-le-guide-complet\/#respond"]}]},{"@type":"WebPage","@id":"https:\/\/la-redactrice-web.fr\/blog\/a-la-une\/creer-une-phrase-daccroche-cv-percutante-le-guide-complet\/","url":"https:\/\/la-redactrice-web.fr\/blog\/a-la-une\/creer-une-phrase-daccroche-cv-percutante-le-guide-complet\/","name":"Phrase d'accroche CV percutante : le guide 2026","isPartOf":{"@id":"https:\/\/la-redactrice-web.fr\/blog\/#website"},"primaryImageOfPage":{"@id":"https:\/\/la-redactrice-web.fr\/blog\/a-la-une\/creer-une-phrase-daccroche-cv-percutante-le-guide-complet\/#primaryimage"},"image":{"@id":"https:\/\/la-redactrice-web.fr\/blog\/a-la-une\/creer-une-phrase-daccroche-cv-percutante-le-guide-complet\/#primaryimage"},"thumbnailUrl":"https:\/\/la-redactrice-web.fr\/blog\/wp-content\/uploads\/2026\/02\/sdxl-e12115ea2dc52ac6a7ee3b9f37c478cc-scaled.png","datePublished":"2026-02-08T21:02:16+00:00","description":"Nous savons que dans ce laps de temps crucial, la phrase d'accroche CV joue un r\u00f4le d\u00e9terminant : elle r\u00e9sume votre valeur ajout\u00e9e, capte l'attention","inLanguage":"fr-FR","potentialAction":[{"@type":"ReadAction","target":["https:\/\/la-redactrice-web.fr\/blog\/a-la-une\/creer-une-phrase-daccroche-cv-percutante-le-guide-complet\/"]}]},{"@type":"ImageObject","inLanguage":"fr-FR","@id":"https:\/\/la-redactrice-web.fr\/blog\/a-la-une\/creer-une-phrase-daccroche-cv-percutante-le-guide-complet\/#primaryimage","url":"https:\/\/la-redactrice-web.fr\/blog\/wp-content\/uploads\/2026\/02\/sdxl-e12115ea2dc52ac6a7ee3b9f37c478cc-scaled.png","contentUrl":"https:\/\/la-redactrice-web.fr\/blog\/wp-content\/uploads\/2026\/02\/sdxl-e12115ea2dc52ac6a7ee3b9f37c478cc-scaled.png","width":1200,"height":500},{"@type":"WebSite","@id":"https:\/\/la-redactrice-web.fr\/blog\/#website","url":"https:\/\/la-redactrice-web.fr\/blog\/","name":"La R\u00e9dactrice Web","description":"La R\u00e9dactrice Web, vos mots qui r\u00e9sonnent","publisher":{"@id":"https:\/\/la-redactrice-web.fr\/blog\/#organization"},"alternateName":"La R\u00e9dactrice Web, vos mots qui r\u00e9sonnent","potentialAction":[{"@type":"SearchAction","target":{"@type":"EntryPoint","urlTemplate":"https:\/\/la-redactrice-web.fr\/blog\/?s={search_term_string}"},"query-input":{"@type":"PropertyValueSpecification","valueRequired":true,"valueName":"search_term_string"}}],"inLanguage":"fr-FR"},{"@type":"Organization","@id":"https:\/\/la-redactrice-web.fr\/blog\/#organization","name":"La R\u00e9dactrice Web","alternateName":"La R\u00e9dactrice Web","url":"https:\/\/la-redactrice-web.fr\/blog\/","logo":{"@type":"ImageObject","inLanguage":"fr-FR","@id":"https:\/\/la-redactrice-web.fr\/blog\/#\/schema\/logo\/image\/","url":"https:\/\/la-redactrice-web.fr\/blog\/wp-content\/uploads\/2024\/12\/31.png","contentUrl":"https:\/\/la-redactrice-web.fr\/blog\/wp-content\/uploads\/2024\/12\/31.png","width":500,"height":500,"caption":"La R\u00e9dactrice Web"},"image":{"@id":"https:\/\/la-redactrice-web.fr\/blog\/#\/schema\/logo\/image\/"}},{"@type":"Person","@id":"https:\/\/la-redactrice-web.fr\/blog\/#\/schema\/person\/3c864cdc320801e3db34b663e7e3f816","name":"Th\u00e9o Rouvier","image":{"@type":"ImageObject","inLanguage":"fr-FR","@id":"https:\/\/la-redactrice-web.fr\/blog\/#\/schema\/person\/image\/","url":"https:\/\/la-redactrice-web.fr\/blog\/wp-content\/uploads\/2026\/06\/persona_theo-r-96x96.jpg","contentUrl":"https:\/\/la-redactrice-web.fr\/blog\/wp-content\/uploads\/2026\/06\/persona_theo-r-96x96.jpg","caption":"Th\u00e9o Rouvier"},"description":"Le web et la communication sont mon m\u00e9tier depuis une dizaine d'ann\u00e9es, entre r\u00e9daction, strat\u00e9gie de contenu et accompagnement de projets en ligne. J'\u00e9cris sur la cr\u00e9ation de site, le marketing digital, l'image de marque et le m\u00e9tier de r\u00e9dacteur web, avec l'envie de rendre ces sujets concrets pour les ind\u00e9pendants et les petites entreprises. J'aime expliquer comment se construit une pr\u00e9sence en ligne cr\u00e9dible, du choix des mots \u00e0 la coh\u00e9rence visuelle, sans recourir au jargon d'agence. Avant de recommander une m\u00e9thode ou un outil, je l'\u00e9prouve sur le terrain et je distingue ce qui marche vraiment des promesses \u00e0 la mode. Je me m\u00e9fie des recettes miracles en marketing, car aucune ne dispense de travail et de r\u00e9gularit\u00e9. Mon angle : donner des rep\u00e8res solides pour communiquer juste et b\u00e2tir une marque qui dure, \u00e0 hauteur de budgets r\u00e9els et d'\u00e9quipes r\u00e9duites.","sameAs":["https:\/\/theorouvier.fr\/"],"url":"https:\/\/la-redactrice-web.fr\/blog\/auteur\/noname\/"}]}},"_links":{"self":[{"href":"https:\/\/la-redactrice-web.fr\/blog\/wp-json\/wp\/v2\/posts\/7693","targetHints":{"allow":["GET"]}}],"collection":[{"href":"https:\/\/la-redactrice-web.fr\/blog\/wp-json\/wp\/v2\/posts"}],"about":[{"href":"https:\/\/la-redactrice-web.fr\/blog\/wp-json\/wp\/v2\/types\/post"}],"author":[{"embeddable":true,"href":"https:\/\/la-redactrice-web.fr\/blog\/wp-json\/wp\/v2\/users\/34"}],"replies":[{"embeddable":true,"href":"https:\/\/la-redactrice-web.fr\/blog\/wp-json\/wp\/v2\/comments?post=7693"}],"version-history":[{"count":1,"href":"https:\/\/la-redactrice-web.fr\/blog\/wp-json\/wp\/v2\/posts\/7693\/revisions"}],"predecessor-version":[{"id":7694,"href":"https:\/\/la-redactrice-web.fr\/blog\/wp-json\/wp\/v2\/posts\/7693\/revisions\/7694"}],"wp:featuredmedia":[{"embeddable":true,"href":"https:\/\/la-redactrice-web.fr\/blog\/wp-json\/wp\/v2\/media\/7697"}],"wp:attachment":[{"href":"https:\/\/la-redactrice-web.fr\/blog\/wp-json\/wp\/v2\/media?parent=7693"}],"wp:term":[{"taxonomy":"category","embeddable":true,"href":"https:\/\/la-redactrice-web.fr\/blog\/wp-json\/wp\/v2\/categories?post=7693"},{"taxonomy":"post_tag","embeddable":true,"href":"https:\/\/la-redactrice-web.fr\/blog\/wp-json\/wp\/v2\/tags?post=7693"}],"curies":[{"name":"wp","href":"https:\/\/api.w.org\/{rel}","templated":true}]}}