{"id":7747,"date":"2026-05-30T09:00:00","date_gmt":"2026-05-30T09:00:00","guid":{"rendered":"https:\/\/la-redactrice-web.fr\/blog\/?p=7747"},"modified":"2026-05-30T09:00:00","modified_gmt":"2026-05-30T09:00:00","slug":"b2c","status":"publish","type":"post","link":"https:\/\/la-redactrice-web.fr\/blog\/articles\/b2c\/","title":{"rendered":"B2C : D\u00e9finition &#038; Strat\u00e9gies Marketing 2026"},"content":{"rendered":"<p>Le terme <strong>B2C<\/strong>, ou \u201cBusiness to Consumer\u201d, d\u00e9signe le mod\u00e8le commercial o\u00f9 les entreprises vendent directement aux consommateurs. En 2026, ce mod\u00e8le continue d\u2019\u00e9voluer avec des strat\u00e9gies marketing de plus en plus sophistiqu\u00e9es. Cependant, de nombreuses entreprises commettent des erreurs qui peuvent entraver leur succ\u00e8s. Cet article met en lumi\u00e8re ces pi\u00e8ges courants et propose des solutions concr\u00e8tes pour optimiser votre approche B2C.<\/p>\n<h2>Qu\u2019est-ce que le B2C ?<\/h2>\n<p>Le B2C se r\u00e9f\u00e8re \u00e0 la vente de produits ou services directement aux consommateurs finaux. Les transactions peuvent se faire en ligne via des plateformes e-commerce ou dans des magasins physiques. Ce mod\u00e8le est particuli\u00e8rement populaire dans les secteurs de la mode, de l\u2019\u00e9lectronique et des biens de consommation.<\/p>\n<h3>Exemples concrets<\/h3>\n<ol>\n<li>\n<strong>Amazon<\/strong> : Avec un chiffre d\u2019affaires d\u00e9passant les 500 milliards de dollars en 2022, Amazon illustre parfaitement le succ\u00e8s du B2C. Sa strat\u00e9gie repose sur une exp\u00e9rience utilisateur fluide et un service client exceptionnel.\n<\/li>\n<li>\n<strong>Zalando<\/strong> : Ce site de vente de v\u00eatements a connu une croissance exponentielle avec un chiffre d\u2019affaires atteignant 10 milliards d\u2019euros en 2021, gr\u00e2ce \u00e0 une personnalisation efficace et \u00e0 une logistique optimis\u00e9e.\n<\/li>\n<\/ol>\n<h2>Erreurs fr\u00e9quentes dans les strat\u00e9gies B2C<\/h2>\n<h3>1. Ignorer la segmentation du march\u00e9<\/h3>\n<p>De nombreuses entreprises adoptent une approche unique pour tous les consommateurs, ce qui limite leur capacit\u00e9 \u00e0 r\u00e9pondre aux besoins sp\u00e9cifiques de diff\u00e9rents segments. Une \u00e9tude men\u00e9e par McKinsey a r\u00e9v\u00e9l\u00e9 que les entreprises qui segmentent leurs clients peuvent augmenter leur rentabilit\u00e9 jusqu\u2019\u00e0 15 %.<\/p>\n<h3>2. Sous-estimer l\u2019importance du mobile<\/h3>\n<p>Avec pr\u00e8s de 70 % des achats en ligne effectu\u00e9s via un appareil mobile en 2026, n\u00e9gliger l\u2019optimisation mobile est une grave erreur. Les sites non responsives entra\u00eenent une perte significative de clients potentiels.<\/p>\n<h4>Action imm\u00e9diate :<\/h4>\n<p>V\u00e9rifiez si votre site est optimis\u00e9 pour le mobile et effectuez les ajustements n\u00e9cessaires.<\/p>\n<h3>3. N\u00e9gliger le contenu g\u00e9n\u00e9r\u00e9 par les utilisateurs<\/h3>\n<p>Les avis et t\u00e9moignages jouent un r\u00f4le crucial dans la d\u00e9cision d\u2019achat des consommateurs. Selon BrightLocal, 87 % des consommateurs lisent des avis en ligne avant d\u2019effectuer un achat.<\/p>\n<h4>Pi\u00e8ge \u00e0 \u00e9viter :<\/h4>\n<p>Ne pas inciter vos clients \u00e0 laisser des avis peut r\u00e9duire votre cr\u00e9dibilit\u00e9 et votre visibilit\u00e9 sur les moteurs de recherche.<\/p>\n<h2>Strat\u00e9gies efficaces pour r\u00e9ussir en B2C<\/h2>\n<h3>1. Personnalisation avanc\u00e9e<\/h3>\n<p>Utiliser l\u2019intelligence artificielle pour analyser le comportement d\u2019achat permet de proposer des recommandations personnalis\u00e9es. Par exemple, Netflix utilise des algorithmes pour sugg\u00e9rer des films bas\u00e9s sur vos pr\u00e9c\u00e9dents visionnages.<\/p>\n<h3>2. Multicanal int\u00e9gr\u00e9<\/h3>\n<p>Proposer une exp\u00e9rience client coh\u00e9rente sur plusieurs canaux (site web, r\u00e9seaux sociaux, magasins physiques) est essentiel. Une \u00e9tude d\u2019HubSpot a montr\u00e9 que les entreprises multicanales voient leurs revenus augmenter jusqu\u2019\u00e0 30 % par rapport \u00e0 celles qui n\u2019utilisent qu\u2019un seul canal.<\/p>\n<h3>Tableau comparatif : Canaux B2C populaires<\/h3>\n<table class=\"kwdbank-table\">\n<thead>\n<tr>\n<th>Canal<\/th>\n<th>Avantages<\/th>\n<th>Inconv\u00e9nients<\/th>\n<\/tr>\n<\/thead>\n<tbody>\n<tr>\n<td>E-commerce<\/td>\n<td>Large port\u00e9e<\/td>\n<td>Forte concurrence<\/td>\n<\/tr>\n<tr>\n<td>R\u00e9seaux sociaux<\/td>\n<td>Interaction directe avec clients<\/td>\n<td>N\u00e9cessite un engagement constant<\/td>\n<\/tr>\n<tr>\n<td>Magasins physiques<\/td>\n<td>Exp\u00e9rience tactile<\/td>\n<td>Co\u00fbts fixes \u00e9lev\u00e9s<\/td>\n<\/tr>\n<\/tbody>\n<\/table>\n<h2>L\u2019impact des nouvelles technologies sur le B2C<\/h2>\n<p>L\u2019introduction de la r\u00e9alit\u00e9 augment\u00e9e (RA) et de la r\u00e9alit\u00e9 virtuelle (RV) transforme le paysage B2C. Par exemple, IKEA permet aux clients de visualiser leurs meubles dans leur maison gr\u00e2ce \u00e0 son application RA, am\u00e9liorant ainsi l\u2019exp\u00e9rience d\u2019achat.<\/p>\n<h2>FAQ<\/h2>\n<h3>Qu\u2019est-ce que le mod\u00e8le B2C ?<\/h3>\n<p>Le mod\u00e8le B2C d\u00e9signe les transactions entre une entreprise et un consommateur final, souvent via des plateformes e-commerce ou en magasin.<\/p>\n<h3>Pourquoi est-il important de segmenter son march\u00e9 ?<\/h3>\n<p>La segmentation permet d\u2019adapter les offres aux besoins sp\u00e9cifiques des diff\u00e9rents groupes cibles, augmentant ainsi la satisfaction client et la rentabilit\u00e9.<\/p>\n<h3>Comment am\u00e9liorer l\u2019exp\u00e9rience utilisateur sur un site e-commerce ?<\/h3>\n<p>En optimisant le design pour le mobile, en simplifiant le processus d\u2019achat et en proposant un service client r\u00e9actif.<\/p>\n<h3>Quelle est l\u2019importance du contenu g\u00e9n\u00e9r\u00e9 par les utilisateurs ?<\/h3>\n<p>Les avis clients influencent fortement la d\u00e9cision d\u2019achat; encourager leur publication peut am\u00e9liorer la cr\u00e9dibilit\u00e9 et la visibilit\u00e9 d\u2019une marque.<\/p>\n<h3>Comment utiliser l\u2019intelligence artificielle dans mes strat\u00e9gies B2C ?<\/h3>\n<p>L\u2019IA peut \u00eatre utilis\u00e9e pour analyser les comportements d\u2019achat et personnaliser les recommandations produits afin d\u2019augmenter le taux de conversion.<\/p>\n<p>Adopter ces strat\u00e9gies tout en \u00e9vitant les erreurs courantes vous positionnera favorablement dans le paysage concurrentiel du B2C en 2026.<\/p>\n","protected":false},"excerpt":{"rendered":"","protected":false},"author":34,"featured_media":7830,"comment_status":"open","ping_status":"open","sticky":false,"template":"","format":"standard","meta":{"_acf_changed":false,"manual_indexmenow":false,"indexmenow_id_project":0,"footnotes":""},"categories":[4823],"tags":[],"class_list":["post-7747","post","type-post","status-publish","format-standard","has-post-thumbnail","hentry","category-articles","generate-columns","tablet-grid-50","mobile-grid-100","grid-parent","grid-25"],"acf":[],"yoast_head":"<!-- This site is optimized with the Yoast SEO Premium plugin v21.3 (Yoast SEO v25.6) - https:\/\/yoast.com\/wordpress\/plugins\/seo\/ -->\n<title>B2C : D\u00e9finition &amp; Strat\u00e9gies Marketing 2026<\/title>\n<meta name=\"description\" content=\"Le terme B2C , ou \u201cBusiness to Consumer\u201d, d\u00e9signe le mod\u00e8le commercial o\u00f9 les entreprises vendent directement aux consommateurs. En 2026, ce mod\u00e8le\" \/>\n<meta name=\"robots\" content=\"index, follow, max-snippet:-1, max-image-preview:large, max-video-preview:-1\" \/>\n<link rel=\"canonical\" href=\"https:\/\/la-redactrice-web.fr\/blog\/articles\/b2c\/\" \/>\n<meta property=\"og:locale\" content=\"fr_FR\" \/>\n<meta property=\"og:type\" content=\"article\" \/>\n<meta property=\"og:title\" content=\"B2C : D\u00e9finition &amp; Strat\u00e9gies Marketing 2026\" \/>\n<meta property=\"og:description\" content=\"Le terme B2C , ou \u201cBusiness to Consumer\u201d, d\u00e9signe le mod\u00e8le commercial o\u00f9 les entreprises vendent directement aux consommateurs. En 2026, ce mod\u00e8le\" \/>\n<meta property=\"og:url\" content=\"https:\/\/la-redactrice-web.fr\/blog\/articles\/b2c\/\" \/>\n<meta property=\"og:site_name\" content=\"la-redactrice-web\" \/>\n<meta property=\"og:image\" content=\"https:\/\/la-redactrice-web.fr\/blog\/wp-content\/uploads\/2026\/06\/sdxl-ca30f946344e86c593a90d9bfe328a2a-scaled.png\" \/>\n\t<meta property=\"og:image:width\" content=\"1200\" \/>\n\t<meta property=\"og:image:height\" content=\"500\" \/>\n\t<meta property=\"og:image:type\" content=\"image\/png\" \/>\n<meta name=\"author\" content=\"Th\u00e9o Rouvier\" \/>\n<meta name=\"twitter:card\" content=\"summary_large_image\" \/>\n<script type=\"application\/ld+json\" class=\"yoast-schema-graph\">{\"@context\":\"https:\/\/schema.org\",\"@graph\":[{\"@type\":\"NewsArticle\",\"@id\":\"https:\/\/la-redactrice-web.fr\/blog\/articles\/b2c\/#article\",\"isPartOf\":{\"@id\":\"https:\/\/la-redactrice-web.fr\/blog\/articles\/b2c\/\"},\"author\":{\"name\":\"Th\u00e9o Rouvier\",\"@id\":\"https:\/\/la-redactrice-web.fr\/blog\/#\/schema\/person\/3c864cdc320801e3db34b663e7e3f816\"},\"headline\":\"B2C : D\u00e9finition &#038; Strat\u00e9gies Marketing 2026\",\"datePublished\":\"2026-05-30T09:00:00+00:00\",\"mainEntityOfPage\":{\"@id\":\"https:\/\/la-redactrice-web.fr\/blog\/articles\/b2c\/\"},\"wordCount\":780,\"commentCount\":0,\"publisher\":{\"@id\":\"https:\/\/la-redactrice-web.fr\/blog\/#organization\"},\"image\":{\"@id\":\"https:\/\/la-redactrice-web.fr\/blog\/articles\/b2c\/#primaryimage\"},\"thumbnailUrl\":\"https:\/\/la-redactrice-web.fr\/blog\/wp-content\/uploads\/2026\/06\/sdxl-ca30f946344e86c593a90d9bfe328a2a-scaled.png\",\"articleSection\":[\"Articles\"],\"inLanguage\":\"fr-FR\",\"potentialAction\":[{\"@type\":\"CommentAction\",\"name\":\"Comment\",\"target\":[\"https:\/\/la-redactrice-web.fr\/blog\/articles\/b2c\/#respond\"]}]},{\"@type\":\"WebPage\",\"@id\":\"https:\/\/la-redactrice-web.fr\/blog\/articles\/b2c\/\",\"url\":\"https:\/\/la-redactrice-web.fr\/blog\/articles\/b2c\/\",\"name\":\"B2C : D\u00e9finition & Strat\u00e9gies Marketing 2026\",\"isPartOf\":{\"@id\":\"https:\/\/la-redactrice-web.fr\/blog\/#website\"},\"primaryImageOfPage\":{\"@id\":\"https:\/\/la-redactrice-web.fr\/blog\/articles\/b2c\/#primaryimage\"},\"image\":{\"@id\":\"https:\/\/la-redactrice-web.fr\/blog\/articles\/b2c\/#primaryimage\"},\"thumbnailUrl\":\"https:\/\/la-redactrice-web.fr\/blog\/wp-content\/uploads\/2026\/06\/sdxl-ca30f946344e86c593a90d9bfe328a2a-scaled.png\",\"datePublished\":\"2026-05-30T09:00:00+00:00\",\"description\":\"Le terme B2C , ou \u201cBusiness to Consumer\u201d, d\u00e9signe le mod\u00e8le commercial o\u00f9 les entreprises vendent directement aux consommateurs. En 2026, ce mod\u00e8le\",\"inLanguage\":\"fr-FR\",\"potentialAction\":[{\"@type\":\"ReadAction\",\"target\":[\"https:\/\/la-redactrice-web.fr\/blog\/articles\/b2c\/\"]}]},{\"@type\":\"ImageObject\",\"inLanguage\":\"fr-FR\",\"@id\":\"https:\/\/la-redactrice-web.fr\/blog\/articles\/b2c\/#primaryimage\",\"url\":\"https:\/\/la-redactrice-web.fr\/blog\/wp-content\/uploads\/2026\/06\/sdxl-ca30f946344e86c593a90d9bfe328a2a-scaled.png\",\"contentUrl\":\"https:\/\/la-redactrice-web.fr\/blog\/wp-content\/uploads\/2026\/06\/sdxl-ca30f946344e86c593a90d9bfe328a2a-scaled.png\",\"width\":1200,\"height\":500},{\"@type\":\"WebSite\",\"@id\":\"https:\/\/la-redactrice-web.fr\/blog\/#website\",\"url\":\"https:\/\/la-redactrice-web.fr\/blog\/\",\"name\":\"La R\u00e9dactrice Web\",\"description\":\"La R\u00e9dactrice Web, vos mots qui r\u00e9sonnent\",\"publisher\":{\"@id\":\"https:\/\/la-redactrice-web.fr\/blog\/#organization\"},\"alternateName\":\"La R\u00e9dactrice Web, vos mots qui r\u00e9sonnent\",\"potentialAction\":[{\"@type\":\"SearchAction\",\"target\":{\"@type\":\"EntryPoint\",\"urlTemplate\":\"https:\/\/la-redactrice-web.fr\/blog\/?s={search_term_string}\"},\"query-input\":{\"@type\":\"PropertyValueSpecification\",\"valueRequired\":true,\"valueName\":\"search_term_string\"}}],\"inLanguage\":\"fr-FR\"},{\"@type\":\"Organization\",\"@id\":\"https:\/\/la-redactrice-web.fr\/blog\/#organization\",\"name\":\"La R\u00e9dactrice Web\",\"alternateName\":\"La R\u00e9dactrice Web\",\"url\":\"https:\/\/la-redactrice-web.fr\/blog\/\",\"logo\":{\"@type\":\"ImageObject\",\"inLanguage\":\"fr-FR\",\"@id\":\"https:\/\/la-redactrice-web.fr\/blog\/#\/schema\/logo\/image\/\",\"url\":\"https:\/\/la-redactrice-web.fr\/blog\/wp-content\/uploads\/2024\/12\/31.png\",\"contentUrl\":\"https:\/\/la-redactrice-web.fr\/blog\/wp-content\/uploads\/2024\/12\/31.png\",\"width\":500,\"height\":500,\"caption\":\"La R\u00e9dactrice Web\"},\"image\":{\"@id\":\"https:\/\/la-redactrice-web.fr\/blog\/#\/schema\/logo\/image\/\"}},{\"@type\":\"Person\",\"@id\":\"https:\/\/la-redactrice-web.fr\/blog\/#\/schema\/person\/3c864cdc320801e3db34b663e7e3f816\",\"name\":\"Th\u00e9o Rouvier\",\"image\":{\"@type\":\"ImageObject\",\"inLanguage\":\"fr-FR\",\"@id\":\"https:\/\/la-redactrice-web.fr\/blog\/#\/schema\/person\/image\/\",\"url\":\"https:\/\/la-redactrice-web.fr\/blog\/wp-content\/uploads\/2026\/06\/persona_theo-r-96x96.jpg\",\"contentUrl\":\"https:\/\/la-redactrice-web.fr\/blog\/wp-content\/uploads\/2026\/06\/persona_theo-r-96x96.jpg\",\"caption\":\"Th\u00e9o Rouvier\"},\"description\":\"Le web et la communication sont mon m\u00e9tier depuis une dizaine d'ann\u00e9es, entre r\u00e9daction, strat\u00e9gie de contenu et accompagnement de projets en ligne. J'\u00e9cris sur la cr\u00e9ation de site, le marketing digital, l'image de marque et le m\u00e9tier de r\u00e9dacteur web, avec l'envie de rendre ces sujets concrets pour les ind\u00e9pendants et les petites entreprises. J'aime expliquer comment se construit une pr\u00e9sence en ligne cr\u00e9dible, du choix des mots \u00e0 la coh\u00e9rence visuelle, sans recourir au jargon d'agence. Avant de recommander une m\u00e9thode ou un outil, je l'\u00e9prouve sur le terrain et je distingue ce qui marche vraiment des promesses \u00e0 la mode. Je me m\u00e9fie des recettes miracles en marketing, car aucune ne dispense de travail et de r\u00e9gularit\u00e9. Mon angle : donner des rep\u00e8res solides pour communiquer juste et b\u00e2tir une marque qui dure, \u00e0 hauteur de budgets r\u00e9els et d'\u00e9quipes r\u00e9duites.\",\"sameAs\":[\"https:\/\/theorouvier.fr\/\"],\"url\":\"https:\/\/la-redactrice-web.fr\/blog\/auteur\/noname\/\"}]}<\/script>\n<!-- \/ Yoast SEO Premium plugin. -->","yoast_head_json":{"title":"B2C : D\u00e9finition & Strat\u00e9gies Marketing 2026","description":"Le terme B2C , ou \u201cBusiness to Consumer\u201d, d\u00e9signe le mod\u00e8le commercial o\u00f9 les entreprises vendent directement aux consommateurs. En 2026, ce mod\u00e8le","robots":{"index":"index","follow":"follow","max-snippet":"max-snippet:-1","max-image-preview":"max-image-preview:large","max-video-preview":"max-video-preview:-1"},"canonical":"https:\/\/la-redactrice-web.fr\/blog\/articles\/b2c\/","og_locale":"fr_FR","og_type":"article","og_title":"B2C : D\u00e9finition & Strat\u00e9gies Marketing 2026","og_description":"Le terme B2C , ou \u201cBusiness to Consumer\u201d, d\u00e9signe le mod\u00e8le commercial o\u00f9 les entreprises vendent directement aux consommateurs. En 2026, ce mod\u00e8le","og_url":"https:\/\/la-redactrice-web.fr\/blog\/articles\/b2c\/","og_site_name":"la-redactrice-web","og_image":[{"width":1200,"height":500,"url":"https:\/\/la-redactrice-web.fr\/blog\/wp-content\/uploads\/2026\/06\/sdxl-ca30f946344e86c593a90d9bfe328a2a-scaled.png","type":"image\/png"}],"author":"Th\u00e9o Rouvier","twitter_card":"summary_large_image","schema":{"@context":"https:\/\/schema.org","@graph":[{"@type":"NewsArticle","@id":"https:\/\/la-redactrice-web.fr\/blog\/articles\/b2c\/#article","isPartOf":{"@id":"https:\/\/la-redactrice-web.fr\/blog\/articles\/b2c\/"},"author":{"name":"Th\u00e9o Rouvier","@id":"https:\/\/la-redactrice-web.fr\/blog\/#\/schema\/person\/3c864cdc320801e3db34b663e7e3f816"},"headline":"B2C : D\u00e9finition &#038; Strat\u00e9gies Marketing 2026","datePublished":"2026-05-30T09:00:00+00:00","mainEntityOfPage":{"@id":"https:\/\/la-redactrice-web.fr\/blog\/articles\/b2c\/"},"wordCount":780,"commentCount":0,"publisher":{"@id":"https:\/\/la-redactrice-web.fr\/blog\/#organization"},"image":{"@id":"https:\/\/la-redactrice-web.fr\/blog\/articles\/b2c\/#primaryimage"},"thumbnailUrl":"https:\/\/la-redactrice-web.fr\/blog\/wp-content\/uploads\/2026\/06\/sdxl-ca30f946344e86c593a90d9bfe328a2a-scaled.png","articleSection":["Articles"],"inLanguage":"fr-FR","potentialAction":[{"@type":"CommentAction","name":"Comment","target":["https:\/\/la-redactrice-web.fr\/blog\/articles\/b2c\/#respond"]}]},{"@type":"WebPage","@id":"https:\/\/la-redactrice-web.fr\/blog\/articles\/b2c\/","url":"https:\/\/la-redactrice-web.fr\/blog\/articles\/b2c\/","name":"B2C : D\u00e9finition & Strat\u00e9gies Marketing 2026","isPartOf":{"@id":"https:\/\/la-redactrice-web.fr\/blog\/#website"},"primaryImageOfPage":{"@id":"https:\/\/la-redactrice-web.fr\/blog\/articles\/b2c\/#primaryimage"},"image":{"@id":"https:\/\/la-redactrice-web.fr\/blog\/articles\/b2c\/#primaryimage"},"thumbnailUrl":"https:\/\/la-redactrice-web.fr\/blog\/wp-content\/uploads\/2026\/06\/sdxl-ca30f946344e86c593a90d9bfe328a2a-scaled.png","datePublished":"2026-05-30T09:00:00+00:00","description":"Le terme B2C , ou \u201cBusiness to Consumer\u201d, d\u00e9signe le mod\u00e8le commercial o\u00f9 les entreprises vendent directement aux consommateurs. En 2026, ce mod\u00e8le","inLanguage":"fr-FR","potentialAction":[{"@type":"ReadAction","target":["https:\/\/la-redactrice-web.fr\/blog\/articles\/b2c\/"]}]},{"@type":"ImageObject","inLanguage":"fr-FR","@id":"https:\/\/la-redactrice-web.fr\/blog\/articles\/b2c\/#primaryimage","url":"https:\/\/la-redactrice-web.fr\/blog\/wp-content\/uploads\/2026\/06\/sdxl-ca30f946344e86c593a90d9bfe328a2a-scaled.png","contentUrl":"https:\/\/la-redactrice-web.fr\/blog\/wp-content\/uploads\/2026\/06\/sdxl-ca30f946344e86c593a90d9bfe328a2a-scaled.png","width":1200,"height":500},{"@type":"WebSite","@id":"https:\/\/la-redactrice-web.fr\/blog\/#website","url":"https:\/\/la-redactrice-web.fr\/blog\/","name":"La R\u00e9dactrice Web","description":"La R\u00e9dactrice Web, vos mots qui r\u00e9sonnent","publisher":{"@id":"https:\/\/la-redactrice-web.fr\/blog\/#organization"},"alternateName":"La R\u00e9dactrice Web, vos mots qui r\u00e9sonnent","potentialAction":[{"@type":"SearchAction","target":{"@type":"EntryPoint","urlTemplate":"https:\/\/la-redactrice-web.fr\/blog\/?s={search_term_string}"},"query-input":{"@type":"PropertyValueSpecification","valueRequired":true,"valueName":"search_term_string"}}],"inLanguage":"fr-FR"},{"@type":"Organization","@id":"https:\/\/la-redactrice-web.fr\/blog\/#organization","name":"La R\u00e9dactrice Web","alternateName":"La R\u00e9dactrice Web","url":"https:\/\/la-redactrice-web.fr\/blog\/","logo":{"@type":"ImageObject","inLanguage":"fr-FR","@id":"https:\/\/la-redactrice-web.fr\/blog\/#\/schema\/logo\/image\/","url":"https:\/\/la-redactrice-web.fr\/blog\/wp-content\/uploads\/2024\/12\/31.png","contentUrl":"https:\/\/la-redactrice-web.fr\/blog\/wp-content\/uploads\/2024\/12\/31.png","width":500,"height":500,"caption":"La R\u00e9dactrice Web"},"image":{"@id":"https:\/\/la-redactrice-web.fr\/blog\/#\/schema\/logo\/image\/"}},{"@type":"Person","@id":"https:\/\/la-redactrice-web.fr\/blog\/#\/schema\/person\/3c864cdc320801e3db34b663e7e3f816","name":"Th\u00e9o Rouvier","image":{"@type":"ImageObject","inLanguage":"fr-FR","@id":"https:\/\/la-redactrice-web.fr\/blog\/#\/schema\/person\/image\/","url":"https:\/\/la-redactrice-web.fr\/blog\/wp-content\/uploads\/2026\/06\/persona_theo-r-96x96.jpg","contentUrl":"https:\/\/la-redactrice-web.fr\/blog\/wp-content\/uploads\/2026\/06\/persona_theo-r-96x96.jpg","caption":"Th\u00e9o Rouvier"},"description":"Le web et la communication sont mon m\u00e9tier depuis une dizaine d'ann\u00e9es, entre r\u00e9daction, strat\u00e9gie de contenu et accompagnement de projets en ligne. J'\u00e9cris sur la cr\u00e9ation de site, le marketing digital, l'image de marque et le m\u00e9tier de r\u00e9dacteur web, avec l'envie de rendre ces sujets concrets pour les ind\u00e9pendants et les petites entreprises. J'aime expliquer comment se construit une pr\u00e9sence en ligne cr\u00e9dible, du choix des mots \u00e0 la coh\u00e9rence visuelle, sans recourir au jargon d'agence. Avant de recommander une m\u00e9thode ou un outil, je l'\u00e9prouve sur le terrain et je distingue ce qui marche vraiment des promesses \u00e0 la mode. Je me m\u00e9fie des recettes miracles en marketing, car aucune ne dispense de travail et de r\u00e9gularit\u00e9. Mon angle : donner des rep\u00e8res solides pour communiquer juste et b\u00e2tir une marque qui dure, \u00e0 hauteur de budgets r\u00e9els et d'\u00e9quipes r\u00e9duites.","sameAs":["https:\/\/theorouvier.fr\/"],"url":"https:\/\/la-redactrice-web.fr\/blog\/auteur\/noname\/"}]}},"_links":{"self":[{"href":"https:\/\/la-redactrice-web.fr\/blog\/wp-json\/wp\/v2\/posts\/7747","targetHints":{"allow":["GET"]}}],"collection":[{"href":"https:\/\/la-redactrice-web.fr\/blog\/wp-json\/wp\/v2\/posts"}],"about":[{"href":"https:\/\/la-redactrice-web.fr\/blog\/wp-json\/wp\/v2\/types\/post"}],"author":[{"embeddable":true,"href":"https:\/\/la-redactrice-web.fr\/blog\/wp-json\/wp\/v2\/users\/34"}],"replies":[{"embeddable":true,"href":"https:\/\/la-redactrice-web.fr\/blog\/wp-json\/wp\/v2\/comments?post=7747"}],"version-history":[{"count":1,"href":"https:\/\/la-redactrice-web.fr\/blog\/wp-json\/wp\/v2\/posts\/7747\/revisions"}],"predecessor-version":[{"id":7805,"href":"https:\/\/la-redactrice-web.fr\/blog\/wp-json\/wp\/v2\/posts\/7747\/revisions\/7805"}],"wp:featuredmedia":[{"embeddable":true,"href":"https:\/\/la-redactrice-web.fr\/blog\/wp-json\/wp\/v2\/media\/7830"}],"wp:attachment":[{"href":"https:\/\/la-redactrice-web.fr\/blog\/wp-json\/wp\/v2\/media?parent=7747"}],"wp:term":[{"taxonomy":"category","embeddable":true,"href":"https:\/\/la-redactrice-web.fr\/blog\/wp-json\/wp\/v2\/categories?post=7747"},{"taxonomy":"post_tag","embeddable":true,"href":"https:\/\/la-redactrice-web.fr\/blog\/wp-json\/wp\/v2\/tags?post=7747"}],"curies":[{"name":"wp","href":"https:\/\/api.w.org\/{rel}","templated":true}]}}